{"id":8929,"date":"2024-10-29T17:21:55","date_gmt":"2024-10-29T20:21:55","guid":{"rendered":"https:\/\/partediario.com.ar\/?p=8929"},"modified":"2024-10-31T10:23:03","modified_gmt":"2024-10-31T13:23:03","slug":"ya-hay-dictamen-en-diputados-a-favor-de-la-privatizacion-de-aerolineas-argentinas","status":"publish","type":"post","link":"https:\/\/partediario.com.ar\/?p=8929","title":{"rendered":"Ya hay dictamen en Diputados a favor de la privatizaci\u00f3n de Aerol\u00edneas Argentinas"},"content":{"rendered":"\n<h3 class=\"wp-block-heading\">El bloque de La Libertad Avanza de la C\u00e1mara de Diputados ya tiene dictamen de comisi\u00f3n favorable para avanzar con la iniciativa de privatizaci\u00f3n de Aerol\u00edneas Argentinas, de este modo ya tiene luz verde para que pueda ser debatido en el recinto de sesiones.<\/h3>\n\n\n\n<p>El oficialismo quiere tratar el proyecto antes de que concluya el 30 de noviembre el per\u00edodo de sesiones ordinarias, pero deber\u00e1 a\u00fan tener algunas negociaciones con otras bancadas para garantizar la mayor\u00eda cuando se debata en la sesi\u00f3n.<\/p>\n\n\n\n<p>La decisi\u00f3n de avanzar en la privatizaci\u00f3n de Aerol\u00edneas Argentinas se tom\u00f3 en un plenario de las comisiones de Transporte y Presupuesto y Hacienda, que presiden la radical mendocina Pamela Verasay y el libertario Jos\u00e9 Luis Espert.<\/p>\n\n\n\n<p>En la ocasi\u00f3n se rubric\u00f3 un dictamen de mayor\u00eda respaldado por la LLA, CC, PRO, MID y UCR, que se bas\u00f3 en los proyectos del legislador del PRO Hern\u00e1n Lombardi y de Juan Manuel L\u00f3pez de la Coalici\u00f3n C\u00edvica.<\/p>\n\n\n\n<p>Otro dictamen con siete firmas fue impulsado por Encuentro Federal y radicales disidentes agrupados en Democracia para Siempre, que proponen la incorporaci\u00f3n del capital privado, pero con la condici\u00f3n que el Estado mantenga la mayor\u00eda.<\/p>\n\n\n\n<p>Uni\u00f3n por la Patria present\u00f3 un dictamen de rechaz\u00f3 total a la privatizaci\u00f3n de Aerol\u00edneas Argentinas.<\/p>\n\n\n\n<p>La C\u00e1mara de Diputados reinici\u00f3 este mediod\u00eda el debate del proyecto sobre la privatizaci\u00f3n de Aerol\u00edneas Argentinas, en medio de un fuerte conflicto con los gremios aeron\u00e1uticos que este mi\u00e9rcoles hacen un paro junto a otros sindicatos del transporte.<\/p>\n\n\n\n<p>En el primer tramo, el ex ministro de Transporte y diputado de UP, Diego Giuliano, expres\u00f3 que \u00abno se puede tratar porque fue desechado por el Senado\u00bb cuando se trat\u00f3 la ley Bases, con lo cual \u00abse debe esperar a otro per\u00edodo parlamentario\u00bb.<\/p>\n\n\n\n<p>Y agreg\u00f3 que desde UP: \u00abVamos a rechazar esta privatizaci\u00f3n de Aerol\u00edneas Argentinas\u00bb ya que no sabemos si es venta, liquidaci\u00f3n o cederla\u00bb.<\/p>\n\n\n\n<p>Desde el PRO, Silvana Guidici, rechaz\u00f3 el argumento de UP ya que se\u00f1al\u00f3 no fue debatido por el Congreso, e indic\u00f3 que en el gobierno anterior Massa \u00abtom\u00f3 deuda del Fondo de Garant\u00eda de los Jubilados para subsidiar esta fiesta inolvidable de \u00f1oquis\u00bb.<\/p>\n\n\n\n<p>El primer expositor fue Gabriel del Pla, comandante de Aerol\u00edneas Argentinas, quien expres\u00f3: \u00abQuiero dar fe de que la inversi\u00f3n que se hizo estos \u00faltimos a\u00f1os en Aerol\u00edneas es palpable y concreta: hoy por hoy Aerol\u00edneas est\u00e1 posicionada a nivel mundial con empleados, con tecnolog\u00eda, con flota y con centro de instrucci\u00f3n propio de primera l\u00ednea\u00bb.<\/p>\n\n\n\n<p>Por su parte, Mat\u00edas Bagnetto, destac\u00f3: \u00abTristemente veo que se lleg\u00f3 ac\u00e1 por un debate ideol\u00f3gico y no con argumentos justos y teniendo un debate serio\u00bb.<\/p>\n\n\n\n<p>\u00abCon mucho dolor tambi\u00e9n tengo que decir que se ha utilizado el problema salarial que venimos atravesando, ahog\u00e1ndonos con el sueldo, impuls\u00e1ndonos a este conflicto que ha logrado que hoy se est\u00e9 tratando de esta forma la privatizaci\u00f3n de Aerol\u00edneas\u00bb, se\u00f1al\u00f3.<\/p>\n\n\n\n<p>Y a\u00f1adi\u00f3 que: \u00abNo sabemos cu\u00e1l es el plan que hay en pol\u00edtica aerocomercial, pero se tienen que escuchar todas las voces, queremos seguir adelante con Aerol\u00edneas. Les pedimos que analicen bien, con datos concretos\u00bb.<\/p>\n\n\n\n<p>El debate de la privatizaci\u00f3n se produce en medio de un profundo conflicto entre las autoridades y los gremios del sector aeron\u00e1utico que viene realizando paros salvajes, que provocaron suspensiones y atrasos de vuelos.<\/p>\n\n\n\n<p>De hecho, el Gobierno busc\u00f3 que se incluya la privatizaci\u00f3n de AA cuando se trat\u00f3 la Ley Bases, pero fracas\u00f3 en su intento cuando esa iniciativa se analiz\u00f3 en el Senado, ya que debi\u00f3 retirar esta propuesta al no tener los votos necesarios.<\/p>\n\n\n\n<p>De todas formas, el oficialismo conf\u00eda en que la situaci\u00f3n ahora es m\u00e1s favorable para poder aprobar la privatizaci\u00f3n, debido a que considera que los paros generaron el repudio de los usuarios que debieron perder sus vuelos.<\/p>\n","protected":false},"excerpt":{"rendered":"<p>El bloque de La Libertad Avanza de la C&aacute;mara de Diputados ya tiene dictamen de comisi&oacute;n favorable para avanzar con la iniciativa de privatizaci&oacute;n de Aerol&iacute;neas Argentinas, de este modo ya tiene luz verde para que pueda ser debatido en el recinto de sesiones. El oficialismo quiere tratar el proyecto antes de que concluya el [&hellip;]<\/p>\n","protected":false},"author":2,"featured_media":8930,"comment_status":"open","ping_status":"open","sticky":false,"template":"","format":"standard","meta":{"footnotes":""},"categories":[5,176],"tags":[962,3957,310,4036,961],"class_list":["post-8929","post","type-post","status-publish","format-standard","has-post-thumbnail","hentry","category-nacionales","category-politica","tag-aerolineas-argentinas","tag-dictamen","tag-diputados","tag-favorable","tag-privatizacion"],"_links":{"self":[{"href":"https:\/\/partediario.com.ar\/index.php?rest_route=\/wp\/v2\/posts\/8929","targetHints":{"allow":["GET"]}}],"collection":[{"href":"https:\/\/partediario.com.ar\/index.php?rest_route=\/wp\/v2\/posts"}],"about":[{"href":"https:\/\/partediario.com.ar\/index.php?rest_route=\/wp\/v2\/types\/post"}],"author":[{"embeddable":true,"href":"https:\/\/partediario.com.ar\/index.php?rest_route=\/wp\/v2\/users\/2"}],"replies":[{"embeddable":true,"href":"https:\/\/partediario.com.ar\/index.php?rest_route=%2Fwp%2Fv2%2Fcomments&post=8929"}],"version-history":[{"count":1,"href":"https:\/\/partediario.com.ar\/index.php?rest_route=\/wp\/v2\/posts\/8929\/revisions"}],"predecessor-version":[{"id":8931,"href":"https:\/\/partediario.com.ar\/index.php?rest_route=\/wp\/v2\/posts\/8929\/revisions\/8931"}],"wp:featuredmedia":[{"embeddable":true,"href":"https:\/\/partediario.com.ar\/index.php?rest_route=\/wp\/v2\/media\/8930"}],"wp:attachment":[{"href":"https:\/\/partediario.com.ar\/index.php?rest_route=%2Fwp%2Fv2%2Fmedia&parent=8929"}],"wp:term":[{"taxonomy":"category","embeddable":true,"href":"https:\/\/partediario.com.ar\/index.php?rest_route=%2Fwp%2Fv2%2Fcategories&post=8929"},{"taxonomy":"post_tag","embeddable":true,"href":"https:\/\/partediario.com.ar\/index.php?rest_route=%2Fwp%2Fv2%2Ftags&post=8929"}],"curies":[{"name":"wp","href":"https:\/\/api.w.org\/{rel}","templated":true}]}}