{"id":8938,"date":"2024-10-29T18:35:09","date_gmt":"2024-10-29T21:35:09","guid":{"rendered":"https:\/\/partediario.com.ar\/?p=8938"},"modified":"2024-10-31T10:22:46","modified_gmt":"2024-10-31T13:22:46","slug":"los-juicios-de-lesa-humanidad-son-un-negocio-manifesto-benedit","status":"publish","type":"post","link":"https:\/\/partediario.com.ar\/?p=8938","title":{"rendered":"\u201cLos juicios de lesa humanidad son un negocio\u201d, manifest\u00f3 Benedit"},"content":{"rendered":"\n<h3 class=\"wp-block-heading\">El diputado nacional por la Libertad Avanza, el entrerriano Beltr\u00e1n Benedit habl\u00f3 sobre la visita que llev\u00f3 adelante junto a otros diputados del mismo espacio a detenidos por delitos de lesa humanidad, en el penal de Ezeiza.<\/h3>\n\n\n\n<p>El legislador justific\u00f3 su silencio ya que hab\u00eda un pedido del \u201cPoder Ejecutivo, pero no del presidente\u201d Javier Milei a fin de \u201cno crear m\u00e1s pol\u00e9mica\u201d sobre la visita que llevaron adelante los legisladores libertarios a presos condenados por delitos de lesa humanidad. \u201cCon el Presidente no hemos cruzado ninguna palabra al respecto. Esto es un tema de agenda de diputados\u201d, expres\u00f3.<\/p>\n\n\n\n<p>\u201cYo no lo ve\u00eda razonable. Las cosas hay que explicarlas\u201d, argument\u00f3. No obstante, acat\u00f3 la orden que eman\u00f3 la Casa Rosada. \u201cCuando uno calla, otorga que todo lo que se diga, se aventura o se crea que haya podido ser as\u00ed quede instalado como verdad, cuando no lo es en realidad\u201d, agreg\u00f3.<\/p>\n\n\n\n<p>En la entrevista realizada esta ma\u00f1ana por Tiago Romero y Dalila Luquesi en el programa \u201cGPS\u201d (FM Litoral), el legislador libertario asegur\u00f3 que \u201calgunos jueces prevaricadores\u201d usan la Justicia para \u201chacer prevalecer alg\u00fan tipo de venganza o de ideolog\u00eda\u201d.<\/p>\n\n\n\n<p>\u201cEso no est\u00e1 bien. Los derechos humanos son para todos. Tuvimos una guerra. Y no importa si era un terrorista que puso una bomba o un militar que le dieron una orden\u201d, se\u00f1al\u00f3.<\/p>\n\n\n\n<p>Y no se qued\u00f3, fue m\u00e1s all\u00e1: \u201cSi vamos a empezar a usar (la Justicia) a gusto y piacere de la ideolog\u00eda o de la identificaci\u00f3n de cada uno, estamos mal\u201d, acot\u00f3.<\/p>\n\n\n\n<p>\u201cFue triste lo que nos pas\u00f3. Tuve conocidos de ambos lados\u201d, indic\u00f3. Luego, asegur\u00f3: \u201cTenemos que superarlo, pero conociendo la verdad y no permitiendo que instituciones sigan manteniendo estas heridas abiertas porque, entre otras cosas, es un gran negocio. Los juicios de lesa (humanidad) tienen un presupuesto enorme\u201d.<\/p>\n\n\n\n<p>Sobre este punto, argument\u00f3: \u201cY cuando ya los principales actores, como las (conducciones de las) Fuerzas Armadas que impartieron \u00f3rdenes que pudieran haberse prestado a que se cometieran excesos ya no est\u00e1n, porque fallecieron por un tema de edad, salen a buscar a alguien porque hay que seguir facturando. Eso es un espanto\u201d, afirm\u00f3.<\/p>\n\n\n\n<p>El diputado libertario puso un ejemplo personal sin dar mayores precisiones, relat\u00f3 que solicit\u00f3 a \u201cuno de mis asesores, abogado, ex juez, que presenciara los juicios (de lesa humanidad) que se estaban llevando adelante en los Tribunales Orales Federales. Primero hubo resistencia a que participara, aunque despu\u00e9s lo conseguimos. Ah\u00ed qued\u00f3 claramente demostrado que sea lo que dijera el acusado, la sentencia ya estaba escrita. Duele que eso ocurra\u201d, sentenci\u00f3.<\/p>\n\n\n\n<p>Sin embargo la afirmaci\u00f3n no coincide con la realidad. De acuerdo a datos extra\u00eddos de la Procuraci\u00f3n de Cr\u00edmenes contra la Humanidad, al 6 de diciembre del a\u00f1o, sobre un total de 3.744 personas investigadas por cr\u00edmenes de lesa hubo: 1.173 condenadas, 184 absueltas, 394 contin\u00faan procesadas, a 146 se les dict\u00f3 la falta de m\u00e9rito, 94 fueron sobrese\u00eddas, 92 s\u00f3lo han sido indagadas, 510 est\u00e1n imputadas y 1.151 han fallecido.<\/p>\n\n\n\n<p>Benedit, no obstante, continu\u00f3 y remarc\u00f3: \u201cReveamos (si) los fallos est\u00e1n bien hechos o si no hay negocios atr\u00e1s. Transparencia. Y que la verdad salga a la luz\u201d.<\/p>\n\n\n\n<p>Sobre la pol\u00e9mica visita a detenidos en Ezeiza<\/p>\n\n\n\n<p>El diputado de LLA precis\u00f3 que la llegada de integrantes del bloque de LLA a Ezeiza se concret\u00f3 debido a varios integrantes de la bancada estuvieron recibiendo \u201cmuchas denuncias de familiares y allegados de presos que estaban en ese penal\u201d ya que \u201cno se cumpl\u00edan las leyes ni los tratados internacionales de derechos humanos\u201d.<\/p>\n\n\n\n<p>\u201cFueron reiteradas y durante mucho tiempo\u201d, puntualiz\u00f3. Mientras \u201cfuimos recabando informaci\u00f3n, porque uno no sale como el bombero ante un llamado al 911. Uno se instruye, profundiza, busca la fuente y la veracidad de las denuncias\u201d, contrast\u00f3.<\/p>\n\n\n\n<p>Tras ese proceso \u201cvimos que hab\u00eda informaci\u00f3n suficiente como para recorrer el penal. Lo que nosotros hicimos fue una entrevista y una recorrida en el penal donde hab\u00eda presos que estuvieron en la guerra contra el terrorismo\u201d, argument\u00f3. Con esta aseveraci\u00f3n, el legislador quiso tomar distancia de las evidencias que fueron surgiendo en estos meses de que la visita se centr\u00f3 en los condenados por lesa humanidad.<\/p>\n\n\n\n<p>\u201cFuimos 6 diputados. Podr\u00edamos haber sido m\u00e1s. Algunos no pod\u00edan. Nos recibi\u00f3 muy bien toda la Jefatura del Servicio Penitenciario (Federal) de ese pabell\u00f3n (el de los que cumplen sentencia por delitos de lesa humanidad) que nos inform\u00f3 cu\u00e1l era la situaci\u00f3n de esta gente\u201d, relat\u00f3 Benedit.<\/p>\n\n\n\n<p>\u201cLo particular \u2013 indic\u00f3 \u2013 es la edad (de los condenados). Por eso estaba presente todo el cuerpo m\u00e9dico. Expresaron sus limitaciones. En cierta manera, se disculparon porque no estaban en condiciones de asistir ni tampoco (contaban con) los medios (para atender) a personas que exced\u00edan largamente los 70 a\u00f1os\u201d, agreg\u00f3. Luego, record\u00f3 que a partir de esa edad \u201cdan prisi\u00f3n domiciliaria cualquiera sea el delito que hayan cometido\u201d.<\/p>\n\n\n\n<p>\u201cHab\u00eda personas de 80, 85 a\u00f1os. Algunos de 90. Despu\u00e9s de eso, nos dijeron que algunos presos quer\u00edan saludarnos. Era la primera vez, al menos en la historia de su detenci\u00f3n, que alguien de la pol\u00edtica se acercaba y se interesaba por esa situaci\u00f3n humanitaria de salud que ten\u00edan\u201d, destac\u00f3.<\/p>\n\n\n\n<p>Benedit precis\u00f3 que accedieron a la petici\u00f3n. \u201cAlgunos fueron. Otros entiendo que no\u201d, dijo. Para continuar a modo de descripci\u00f3n: \u201cEso parec\u00eda un asilo, un geri\u00e1trico. La gente iba con bast\u00f3n, otros con sondas urinarias y otros con sueros\u201d.<\/p>\n\n\n\n<p>\u201cEra gente muy educada. No profundizamos ning\u00fan tema en particular\u201d, expres\u00f3. De este modo, intent\u00f3 despegarse de las versiones que indicaban que el objetivo final era promover una ley para amnistiar a estos detenidos o, al menos, forzar su traslado a domicilios particulares.<\/p>\n\n\n\n<p>\u201cNo conoc\u00edamos a nadie en particular\u201d, asegur\u00f3, a pesar que antes y despu\u00e9s de la aseveraci\u00f3n hizo referencia a ellos como gente \u201cque combati\u00f3 al terrorismo\u201d o que \u201cparticip\u00f3 en la guerra contra la subversi\u00f3n\u201d.<\/p>\n\n\n\n<p>La charla transcurr\u00f3 en un principio en torno \u201ca la salud. No entend\u00edan porqu\u00e9 no le daban la domiciliaria cuando la ley as\u00ed lo dice\u201d. Seg\u00fan Benedit, uno de los condenados por cr\u00edmenes de lesa humanidad les coment\u00f3 que en la misma c\u00e1rcel estuvo el ex vice Amado Boudou quien \u201cdurante la pandemia se fue por un tema de edad y el mismo juez que se la dio a \u00e9l me la neg\u00f3 a m\u00ed. Esa fue una de las cosas que escuchamos\u201d, se\u00f1al\u00f3.<\/p>\n\n\n\n<p>En rigor de la verdad hay que se\u00f1alar que, el juez de Ejecuci\u00f3n de pena Ricardo Bas\u00edlico le concedi\u00f3 a Boudou en julio de 2021 el beneficio de la libertad condicional al haber cumplido dos tercios de la condena a 5 a\u00f1os y 10 meses que se le impuso en 2018 en la causa \u201cCiccone\u201d. El ex vicepresidente nunca fue condenado por cr\u00edmenes contra la humanidad.<\/p>\n\n\n\n<p>No obstante, Benedit coment\u00f3 que los sentenciados por violaci\u00f3n a los derechos humanos durante la dictadura expresaron que exist\u00eda \u201cun trato desigual\u201d.<\/p>\n\n\n\n<p>El legislador lleg\u00f3 a fondo cuando hizo propia una versi\u00f3n que recogi\u00f3 en ese pabell\u00f3n de Ezeiza. \u201cFulano de Tal, no recuerdo el nombre, ya con c\u00e1ncer terminal y en un estado de semiinconsciencia fue trasladado en una ambulancia esposado. Sabemos que muri\u00f3 esposado en la cama, cuando hasta los mismos enfermeros ped\u00edan que se las sacaran (a las esposas) para poder aplicarle los sueros. Pero el juez lo neg\u00f3 porque consideraba que hab\u00eda peligro de fuga\u201d.<\/p>\n\n\n\n<p>M\u00e1s adelante, se\u00f1al\u00f3: \u201cUna de las preguntas que yo les hice a esos se\u00f1ores mayores (por los condenados de lesa humanidad) era qu\u00e9 edad ten\u00edan al momento en el cual se cometieron los delitos por los cuales se los conden\u00f3. Iban de 19 a 25 a\u00f1os. Nadie era jefe, nadie ten\u00eda mando\u201d, indic\u00f3 Benedit.<\/p>\n\n\n\n<p>El diputado libertario a\u00f1adi\u00f3 que muchas de las respuestas que le dieron fueron: \u201cYo estaba ah\u00ed porque estaba de guardia (o) yo estaba a 10 kil\u00f3metros\u201d. \u201cHay un tema delicado. Yo soy cat\u00f3lico y me pongo en el medio. Creo que los excesos existieron de ambos lados. Los argentinos tenemos que conocer toda la verdad y dejar de seguir buscando desencuentros y odios\u201d.<\/p>\n\n\n\n<p>El legislador no supo qu\u00e9 contestar cuando los periodistas le indicaron que en la foto de la visita a Ezeiza aparec\u00eda Alfredo Ast\u00edz, oficial de la Armada y jefe del Escuadr\u00f3n Albatros. Su \u00fanica reacci\u00f3n fue decir que la publicaci\u00f3n de la foto en el penal \u201cfue contraproducente\u201d.<\/p>\n\n\n\n<p>Luego apunt\u00f3 contra los K. \u201cHubo una maniobra del kirchnerismo y otros sectores de pegar a este grupo de diputados, demonizando esta acci\u00f3n que fue una visita humanitaria, para llevar un poco de claridad y conocer si ah\u00ed realmente se violaban los derechos humanos. El kirchnerismo se dedica a intentar implosionar y a que este Gobierno fracase\u201d, apunt\u00f3.<\/p>\n\n\n\n<p>Finalizando, manifest\u00f3 que no existen proyectos especiales para atender la situaci\u00f3n de los condenados por lesa humanidad. \u201cQueremos que se cumpla la ley y los convenios internacionales.<\/p>\n","protected":false},"excerpt":{"rendered":"<p>El diputado nacional por la Libertad Avanza, el entrerriano Beltr&aacute;n Benedit habl&oacute; sobre la visita que llev&oacute; adelante junto a otros diputados del mismo espacio a detenidos por delitos de lesa humanidad, en el penal de Ezeiza. El legislador justific&oacute; su silencio ya que hab&iacute;a un pedido del &ldquo;Poder Ejecutivo, pero no del presidente&rdquo; Javier [&hellip;]<\/p>\n","protected":false},"author":2,"featured_media":8939,"comment_status":"open","ping_status":"open","sticky":false,"template":"","format":"standard","meta":{"footnotes":""},"categories":[5,176],"tags":[1915,1917,4039,4040,2526,996],"class_list":["post-8938","post","type-post","status-publish","format-standard","has-post-thumbnail","hentry","category-nacionales","category-politica","tag-beltran-benedit","tag-ezeiza","tag-ibertad-avanza","tag-lesa-humanidad","tag-penal","tag-visita"],"_links":{"self":[{"href":"https:\/\/partediario.com.ar\/index.php?rest_route=\/wp\/v2\/posts\/8938","targetHints":{"allow":["GET"]}}],"collection":[{"href":"https:\/\/partediario.com.ar\/index.php?rest_route=\/wp\/v2\/posts"}],"about":[{"href":"https:\/\/partediario.com.ar\/index.php?rest_route=\/wp\/v2\/types\/post"}],"author":[{"embeddable":true,"href":"https:\/\/partediario.com.ar\/index.php?rest_route=\/wp\/v2\/users\/2"}],"replies":[{"embeddable":true,"href":"https:\/\/partediario.com.ar\/index.php?rest_route=%2Fwp%2Fv2%2Fcomments&post=8938"}],"version-history":[{"count":1,"href":"https:\/\/partediario.com.ar\/index.php?rest_route=\/wp\/v2\/posts\/8938\/revisions"}],"predecessor-version":[{"id":8940,"href":"https:\/\/partediario.com.ar\/index.php?rest_route=\/wp\/v2\/posts\/8938\/revisions\/8940"}],"wp:featuredmedia":[{"embeddable":true,"href":"https:\/\/partediario.com.ar\/index.php?rest_route=\/wp\/v2\/media\/8939"}],"wp:attachment":[{"href":"https:\/\/partediario.com.ar\/index.php?rest_route=%2Fwp%2Fv2%2Fmedia&parent=8938"}],"wp:term":[{"taxonomy":"category","embeddable":true,"href":"https:\/\/partediario.com.ar\/index.php?rest_route=%2Fwp%2Fv2%2Fcategories&post=8938"},{"taxonomy":"post_tag","embeddable":true,"href":"https:\/\/partediario.com.ar\/index.php?rest_route=%2Fwp%2Fv2%2Ftags&post=8938"}],"curies":[{"name":"wp","href":"https:\/\/api.w.org\/{rel}","templated":true}]}}