{"id":8997,"date":"2024-11-01T14:32:01","date_gmt":"2024-11-01T17:32:01","guid":{"rendered":"https:\/\/partediario.com.ar\/?p=8997"},"modified":"2024-11-02T13:39:47","modified_gmt":"2024-11-02T16:39:47","slug":"se-confirmo-un-nuevo-aumento-en-las-tarifas-de-luz-y-gas","status":"publish","type":"post","link":"https:\/\/partediario.com.ar\/?p=8997","title":{"rendered":"Se confirm\u00f3 un nuevo aumento en las tarifas de luz y gas"},"content":{"rendered":"\n<h3 class=\"wp-block-heading\">El Gobierno nacional dispuso un aumento de 2,5% para las tarifas de electricidad y de 2,7% para las de gas. As\u00ed qued\u00f3 establecido tras la publicaci\u00f3n de las resoluciones correspondientes en el Bolet\u00edn Oficial.<\/h3>\n\n\n\n<p>Estos incrementos se suman al incremento de 2,75% que se produjo en el precio de los combustibles.<\/p>\n\n\n\n<p>Con estas medidas, el gobierno aprovecha la nueva baja de la inflaci\u00f3n de octubre para continuar con el proceso de ajuste tarifario que le permite seguir bajando subsidios y consolidar el super\u00e1vit fiscal.<\/p>\n\n\n\n<p>El aumento de 2,5% en la tarifa de electricidad rige desde hoy e incluye una suba de 6% en los cargos de transporte y distribuci\u00f3n.<\/p>\n\n\n\n<p>En el caso del gas el aza 2,7% entra en vigor la semana pr\u00f3xima y se compone del precio del gas en s\u00ed que se incrementa a la par del d\u00f3lar oficial, y los cargos de transporte y distribuci\u00f3n que subir\u00e1n 3,5%.<\/p>\n\n\n\n<p>Desde el Gobierno indican que estos aumentos son \u201cactualizaciones\u201d para para mantener constantes los ingresos de las empresas<\/p>\n\n\n\n<p><strong>Las tarifas de gas por cada zona quedaron del siguiente modo:<\/strong><\/p>\n\n\n\n<p>Buenos Aires Norte<\/p>\n\n\n\n<p>Naturgy BAN S.A.: 3.128<\/p>\n\n\n\n<p>Capital Federal y Buenos Aires<\/p>\n\n\n\n<p>Metrogas S.A.: 3.085<\/p>\n\n\n\n<p>Mendoza, San Juan, y San Luis<\/p>\n\n\n\n<p>Distribuidora Gas Cuyana S.A.: 3.148<\/p>\n\n\n\n<p>C\u00f3rdoba, La Rioja, y Catamarca<\/p>\n\n\n\n<p>Distribuidora Gas del Centro S.A.: 3.115<\/p>\n\n\n\n<p>Santa Fe y Buenos Aires<\/p>\n\n\n\n<p>Litoral Gas S.A.: 3.108<\/p>\n\n\n\n<p>Entre R\u00edos y Corrientes<\/p>\n\n\n\n<p>Gasnea S.A.: 3.135<\/p>\n\n\n\n<p>Salta, La Puna, y Tucum\u00e1n<\/p>\n\n\n\n<p>Gasnor S.A.: 3.094<\/p>\n\n\n\n<p>Buenos Aires, Bah\u00eda Blanca, y La Pampa<\/p>\n\n\n\n<p>Camuzzi Gas Pampeana S.A.:<\/p>\n\n\n\n<p>Buenos Aires: 3.096<\/p>\n\n\n\n<p>Bah\u00eda Blanca: 3.050<\/p>\n\n\n\n<p>La Pampa Sur: 3.142<\/p>\n\n\n\n<p>La Pampa Norte: 3.097<\/p>\n\n\n\n<p>Buenos Aires Sur, Chubut, y Neuqu\u00e9n<\/p>\n\n\n\n<p>Camuzzi Gas del Sur S.A.:<\/p>\n\n\n\n<p>Buenos Aires Sur: 3.025<\/p>\n\n\n\n<p>Chubut Sur: 3.026<\/p>\n\n\n\n<p>Provincia de Neuqu\u00e9n: 3.139<\/p>\n\n\n\n<p>Santa Cruz Sur y Tierra del Fuego<\/p>\n\n\n\n<p>Camuzzi Gas del Sur S.A.:<\/p>\n\n\n\n<p>Santa Cruz Sur: 2.989<\/p>\n\n\n\n<p>Tierra del Fuego: 2.979<\/p>\n\n\n\n<p>Paran\u00e1<\/p>\n\n\n\n<p>Redengas S.A.: 3.140.<\/p>\n","protected":false},"excerpt":{"rendered":"<p>El Gobierno nacional dispuso un aumento de 2,5% para las tarifas de electricidad y de 2,7% para las de gas. As&iacute; qued&oacute; establecido tras la publicaci&oacute;n de las resoluciones correspondientes en el Bolet&iacute;n Oficial. Estos incrementos se suman al incremento de 2,75% que se produjo en el precio de los combustibles. Con estas medidas, el [&hellip;]<\/p>\n","protected":false},"author":2,"featured_media":8998,"comment_status":"open","ping_status":"open","sticky":false,"template":"","format":"standard","meta":{"footnotes":""},"categories":[5,176],"tags":[622,624,1046,2711,621],"class_list":["post-8997","post","type-post","status-publish","format-standard","has-post-thumbnail","hentry","category-nacionales","category-politica","tag-aumento","tag-gas","tag-luz","tag-nuevo","tag-tarifas"],"_links":{"self":[{"href":"https:\/\/partediario.com.ar\/index.php?rest_route=\/wp\/v2\/posts\/8997","targetHints":{"allow":["GET"]}}],"collection":[{"href":"https:\/\/partediario.com.ar\/index.php?rest_route=\/wp\/v2\/posts"}],"about":[{"href":"https:\/\/partediario.com.ar\/index.php?rest_route=\/wp\/v2\/types\/post"}],"author":[{"embeddable":true,"href":"https:\/\/partediario.com.ar\/index.php?rest_route=\/wp\/v2\/users\/2"}],"replies":[{"embeddable":true,"href":"https:\/\/partediario.com.ar\/index.php?rest_route=%2Fwp%2Fv2%2Fcomments&post=8997"}],"version-history":[{"count":1,"href":"https:\/\/partediario.com.ar\/index.php?rest_route=\/wp\/v2\/posts\/8997\/revisions"}],"predecessor-version":[{"id":8999,"href":"https:\/\/partediario.com.ar\/index.php?rest_route=\/wp\/v2\/posts\/8997\/revisions\/8999"}],"wp:featuredmedia":[{"embeddable":true,"href":"https:\/\/partediario.com.ar\/index.php?rest_route=\/wp\/v2\/media\/8998"}],"wp:attachment":[{"href":"https:\/\/partediario.com.ar\/index.php?rest_route=%2Fwp%2Fv2%2Fmedia&parent=8997"}],"wp:term":[{"taxonomy":"category","embeddable":true,"href":"https:\/\/partediario.com.ar\/index.php?rest_route=%2Fwp%2Fv2%2Fcategories&post=8997"},{"taxonomy":"post_tag","embeddable":true,"href":"https:\/\/partediario.com.ar\/index.php?rest_route=%2Fwp%2Fv2%2Ftags&post=8997"}],"curies":[{"name":"wp","href":"https:\/\/api.w.org\/{rel}","templated":true}]}}