{"id":9017,"date":"2024-11-01T15:09:12","date_gmt":"2024-11-01T18:09:12","guid":{"rendered":"https:\/\/partediario.com.ar\/?p=9017"},"modified":"2024-11-01T15:09:12","modified_gmt":"2024-11-01T18:09:12","slug":"noche-de-halloween-en-la-feria-de-salta-y-nogoya-de-parana","status":"publish","type":"post","link":"https:\/\/partediario.com.ar\/?p=9017","title":{"rendered":"Noche de Halloween en la Feria de Salta y Nogoy\u00e1 de Paran\u00e1"},"content":{"rendered":"\n<h3 class=\"wp-block-heading\">Fue este jueves con disfraces, espect\u00e1culos y gastronom\u00eda. La propuesta fue impulsada por emprendedores y acompa\u00f1ada por la Municipalidad de Paran\u00e1.<\/h3>\n\n\n\n<p>El subsecretario de Producci\u00f3n, Oscar Bustamante, destac\u00f3 que \u201cesta nueva propuesta, impulsada por emprendedores y emprendedoras de los puestos de Salta y Nogoy\u00e1, se sum\u00f3 a la agenda cultural y gastron\u00f3mica que los y las paranaenses eligen all\u00ed todas las semanas\u201d. Y apunt\u00f3 que la Municipalidad \u201cacompa\u00f1\u00f3 la iniciativa privada que da vida a nuestras ferias y mercados municipales, como nos ha pedido la intendenta Rosario Romero\u201d.<\/p>\n\n\n\n<p><\/p>\n\n\n\n<figure class=\"wp-block-image size-large\"><img loading=\"lazy\" decoding=\"async\" width=\"1024\" height=\"682\" src=\"https:\/\/partediario.com.ar\/wp-content\/uploads\/1730463468_2c002d008f9803f8841a-1024x682.jpeg\" alt=\"\" class=\"wp-image-9018\" srcset=\"https:\/\/partediario.com.ar\/wp-content\/uploads\/1730463468_2c002d008f9803f8841a-1024x682.jpeg 1024w, https:\/\/partediario.com.ar\/wp-content\/uploads\/1730463468_2c002d008f9803f8841a-300x200.jpeg 300w, https:\/\/partediario.com.ar\/wp-content\/uploads\/1730463468_2c002d008f9803f8841a-768x512.jpeg 768w, https:\/\/partediario.com.ar\/wp-content\/uploads\/1730463468_2c002d008f9803f8841a.jpeg 1280w\" sizes=\"auto, (max-width: 1024px) 100vw, 1024px\" \/><\/figure>\n\n\n\n<p><\/p>\n\n\n\n<p>Constanza Cullen, de Parientes del Bar, cont\u00f3 que desde hace un mes se realizan este tipo de convocatorias con buen acompa\u00f1amiento del p\u00fablico. \u201cEstamos muy contentos porque hoy superamos las expectativas\u201d, sostuvo. En ese marco, agradeci\u00f3 a la Municipalidad \u201cpor acompa\u00f1ar y promover estas propuestas art\u00edsticas que se realizan en la feria\u201d.<\/p>\n\n\n\n<p>Por \u00faltimo, Erica Vidal, una vecina que particip\u00f3 del evento, valor\u00f3 que este tipo de celebraciones son \u201cuna oportunidad para disfrazarse y dar dulces a los chicos, para que la pasen bien\u201d.<\/p>\n\n\n\n<p><\/p>\n\n\n\n<figure class=\"wp-block-embed is-type-video is-provider-youtube wp-block-embed-youtube wp-embed-aspect-16-9 wp-has-aspect-ratio\"><div class=\"wp-block-embed__wrapper\">\n<iframe loading=\"lazy\" title=\"Se realiz\u00f3 una Noche de Halloween en la Feria de Salta y Nogoy\u00e1\" width=\"640\" height=\"360\" src=\"https:\/\/www.youtube.com\/embed\/fUrwrG6aoLA?feature=oembed\" frameborder=\"0\" allow=\"accelerometer; autoplay; clipboard-write; encrypted-media; gyroscope; picture-in-picture; web-share\" referrerpolicy=\"strict-origin-when-cross-origin\" allowfullscreen><\/iframe>\n<\/div><\/figure>\n","protected":false},"excerpt":{"rendered":"<p>Fue este jueves con disfraces, espect&aacute;culos y gastronom&iacute;a. La propuesta fue impulsada por emprendedores y acompa&ntilde;ada por la Municipalidad de Paran&aacute;. El subsecretario de Producci&oacute;n, Oscar Bustamante, destac&oacute; que &ldquo;esta nueva propuesta, impulsada por emprendedores y emprendedoras de los puestos de Salta y Nogoy&aacute;, se sum&oacute; a la agenda cultural y gastron&oacute;mica que los y [&hellip;]<\/p>\n","protected":false},"author":2,"featured_media":9019,"comment_status":"open","ping_status":"open","sticky":false,"template":"","format":"standard","meta":{"footnotes":""},"categories":[3272],"tags":[4074,4073,265],"class_list":["post-9017","post","type-post","status-publish","format-standard","has-post-thumbnail","hentry","category-municipales","tag-halloween","tag-noche","tag-parana"],"_links":{"self":[{"href":"https:\/\/partediario.com.ar\/index.php?rest_route=\/wp\/v2\/posts\/9017","targetHints":{"allow":["GET"]}}],"collection":[{"href":"https:\/\/partediario.com.ar\/index.php?rest_route=\/wp\/v2\/posts"}],"about":[{"href":"https:\/\/partediario.com.ar\/index.php?rest_route=\/wp\/v2\/types\/post"}],"author":[{"embeddable":true,"href":"https:\/\/partediario.com.ar\/index.php?rest_route=\/wp\/v2\/users\/2"}],"replies":[{"embeddable":true,"href":"https:\/\/partediario.com.ar\/index.php?rest_route=%2Fwp%2Fv2%2Fcomments&post=9017"}],"version-history":[{"count":1,"href":"https:\/\/partediario.com.ar\/index.php?rest_route=\/wp\/v2\/posts\/9017\/revisions"}],"predecessor-version":[{"id":9020,"href":"https:\/\/partediario.com.ar\/index.php?rest_route=\/wp\/v2\/posts\/9017\/revisions\/9020"}],"wp:featuredmedia":[{"embeddable":true,"href":"https:\/\/partediario.com.ar\/index.php?rest_route=\/wp\/v2\/media\/9019"}],"wp:attachment":[{"href":"https:\/\/partediario.com.ar\/index.php?rest_route=%2Fwp%2Fv2%2Fmedia&parent=9017"}],"wp:term":[{"taxonomy":"category","embeddable":true,"href":"https:\/\/partediario.com.ar\/index.php?rest_route=%2Fwp%2Fv2%2Fcategories&post=9017"},{"taxonomy":"post_tag","embeddable":true,"href":"https:\/\/partediario.com.ar\/index.php?rest_route=%2Fwp%2Fv2%2Ftags&post=9017"}],"curies":[{"name":"wp","href":"https:\/\/api.w.org\/{rel}","templated":true}]}}