{"id":9054,"date":"2024-11-04T11:51:12","date_gmt":"2024-11-04T14:51:12","guid":{"rendered":"https:\/\/partediario.com.ar\/?p=9054"},"modified":"2024-11-05T12:35:19","modified_gmt":"2024-11-05T15:35:19","slug":"el-30-de-noviembre-esto-se-termina-la-decision-que-tomo-radio-mitre-sobre-su-ciclo-radial","status":"publish","type":"post","link":"https:\/\/partediario.com.ar\/?p=9054","title":{"rendered":"\u00abEl 30 de noviembre esto se termina\u201d: la decisi\u00f3n que tom\u00f3 Radio Mitre sobre su ciclo radial"},"content":{"rendered":"\n<h3 class=\"wp-block-heading\">La periodista P\u00eda Shaw fue la encargada de comunicar la decisi\u00f3n que tom\u00f3 la Radio Mitre ante la ausencia del periodista en su ciclo radial.<\/h3>\n\n\n\n<p>Jorge Lanata contin\u00faa internado en el Hospital Italiano luego de ser sometido a diversas intervenciones quir\u00fargicas y presenta mejoras en su estado de salud. Sin embargo, no todas son buenas noticias. Por una parte, sigue la batalla legal entre sus familiares, y ahora se conoci\u00f3 la decisi\u00f3n que tom\u00f3 Radio Mitre sobre el ciclo que conduce el periodista.<\/p>\n\n\n\n<p>De acuerdo a la informaci\u00f3n que brind\u00f3 P\u00eda Shaw en A la Barbarossa, el medio de comunicaci\u00f3n dejar\u00eda de pagarle el sueldo a Lanata: \u00abYo no tengo fecha, pero me dicen que la radio en la que ya trabaja Jorge Lanata, ya le habl\u00f3 a la familia para decirle que se termina\u201d.<\/p>\n\n\n\n<p>Esta decisi\u00f3n se habr\u00eda tomado porque el periodista acord\u00f3 un sueldo millonario como figura, que sigue cobrando a pesar de no estar presente por su complicada situaci\u00f3n de salud.<\/p>\n\n\n\n<p>\u201cLe est\u00e1n pagando un sueldo alt\u00edsimo, inimaginable que fue acordado por \u00e9l como figura de la radio y nadie est\u00e1 poniendo eso en tela de juicio, pero le dijeron que el 30 de noviembre esto se termina\u201d, a\u00f1adi\u00f3 Anal\u00eda Franch\u00edn, recordando que tan solo la cuota de alimentos \u201ctiene 7 millones de pesos\u201d.<\/p>\n\n\n\n<p>Ante esta decisi\u00f3n, comenzaron los rumores sobre qui\u00e9n podr\u00eda reemplazar al periodista en \u201cLanata sin filtro\u201d. A mediados de este mes, el periodista de espect\u00e1culos Tartu aclar\u00f3 que no est\u00e1n buscando reemplazo, pero que J\u00e9sica Bossi seguir\u00e1 en la conducci\u00f3n hasta fin de a\u00f1o.<\/p>\n","protected":false},"excerpt":{"rendered":"<p>La periodista P&iacute;a Shaw fue la encargada de comunicar la decisi&oacute;n que tom&oacute; la Radio Mitre ante la ausencia del periodista en su ciclo radial. Jorge Lanata contin&uacute;a internado en el Hospital Italiano luego de ser sometido a diversas intervenciones quir&uacute;rgicas y presenta mejoras en su estado de salud. Sin embargo, no todas son buenas [&hellip;]<\/p>\n","protected":false},"author":2,"featured_media":9055,"comment_status":"open","ping_status":"open","sticky":false,"template":"","format":"standard","meta":{"footnotes":""},"categories":[726],"tags":[541,4089],"class_list":["post-9054","post","type-post","status-publish","format-standard","has-post-thumbnail","hentry","category-sociedad","tag-jorge-lanata","tag-radio-mitre"],"_links":{"self":[{"href":"https:\/\/partediario.com.ar\/index.php?rest_route=\/wp\/v2\/posts\/9054","targetHints":{"allow":["GET"]}}],"collection":[{"href":"https:\/\/partediario.com.ar\/index.php?rest_route=\/wp\/v2\/posts"}],"about":[{"href":"https:\/\/partediario.com.ar\/index.php?rest_route=\/wp\/v2\/types\/post"}],"author":[{"embeddable":true,"href":"https:\/\/partediario.com.ar\/index.php?rest_route=\/wp\/v2\/users\/2"}],"replies":[{"embeddable":true,"href":"https:\/\/partediario.com.ar\/index.php?rest_route=%2Fwp%2Fv2%2Fcomments&post=9054"}],"version-history":[{"count":1,"href":"https:\/\/partediario.com.ar\/index.php?rest_route=\/wp\/v2\/posts\/9054\/revisions"}],"predecessor-version":[{"id":9056,"href":"https:\/\/partediario.com.ar\/index.php?rest_route=\/wp\/v2\/posts\/9054\/revisions\/9056"}],"wp:featuredmedia":[{"embeddable":true,"href":"https:\/\/partediario.com.ar\/index.php?rest_route=\/wp\/v2\/media\/9055"}],"wp:attachment":[{"href":"https:\/\/partediario.com.ar\/index.php?rest_route=%2Fwp%2Fv2%2Fmedia&parent=9054"}],"wp:term":[{"taxonomy":"category","embeddable":true,"href":"https:\/\/partediario.com.ar\/index.php?rest_route=%2Fwp%2Fv2%2Fcategories&post=9054"},{"taxonomy":"post_tag","embeddable":true,"href":"https:\/\/partediario.com.ar\/index.php?rest_route=%2Fwp%2Fv2%2Ftags&post=9054"}],"curies":[{"name":"wp","href":"https:\/\/api.w.org\/{rel}","templated":true}]}}