{"id":9057,"date":"2024-11-04T14:29:37","date_gmt":"2024-11-04T17:29:37","guid":{"rendered":"https:\/\/partediario.com.ar\/?p=9057"},"modified":"2024-11-04T14:29:37","modified_gmt":"2024-11-04T17:29:37","slug":"hoy-se-realizo-el-lanzamiento-de-la-fiesta-provincial-de-la-pesca-del-armado-en-santa-elena","status":"publish","type":"post","link":"https:\/\/partediario.com.ar\/?p=9057","title":{"rendered":"Hoy se realiz\u00f3 el lanzamiento de la Fiesta Provincial de la pesca del Armado en Santa Elena"},"content":{"rendered":"\n<h3 class=\"wp-block-heading\">Con la presencia de autoridades institucionales, Prefectura Naval Argentina, miembros de CAPSETUR y medios de comunicaci\u00f3n se realiz\u00f3 durante el fin de semana el lanzamiento de la XXIV Fiesta Provincial de la Pesca del Armado.<\/h3>\n\n\n\n<p>El Paseo Muelle Hist\u00f3rico fue el espacio elegido para la apertura simb\u00f3lica de esta fiesta que desde hace m\u00e1s de dos d\u00e9cadas convoca a los amantes de la pesca deportiva en la <a href=\"#CiudadPara\u00edso.\">#CiudadPara\u00edso.<\/a><\/p>\n\n\n\n<p><\/p>\n\n\n\n<figure class=\"wp-block-image size-full\"><img loading=\"lazy\" decoding=\"async\" width=\"1024\" height=\"577\" src=\"https:\/\/partediario.com.ar\/wp-content\/uploads\/465661476_971692718335817_2639645522185649071_n.jpg\" alt=\"\" class=\"wp-image-9058\" srcset=\"https:\/\/partediario.com.ar\/wp-content\/uploads\/465661476_971692718335817_2639645522185649071_n.jpg 1024w, https:\/\/partediario.com.ar\/wp-content\/uploads\/465661476_971692718335817_2639645522185649071_n-300x169.jpg 300w, https:\/\/partediario.com.ar\/wp-content\/uploads\/465661476_971692718335817_2639645522185649071_n-768x433.jpg 768w\" sizes=\"auto, (max-width: 1024px) 100vw, 1024px\" \/><\/figure>\n\n\n\n<p><\/p>\n\n\n\n<p>Santa Elena se prepara para vivir una nueva edici\u00f3n de la Fiesta Provincial de la Pesca del Armado, una tradici\u00f3n que a lo largo de m\u00e1s de dos d\u00e9cadas se ha posicionado como atractivo tur\u00edstico nacional y es un encuentro de amigos tan esperado por los pescadores.<\/p>\n","protected":false},"excerpt":{"rendered":"<p>Con la presencia de autoridades institucionales, Prefectura Naval Argentina, miembros de CAPSETUR y medios de comunicaci&oacute;n se realiz&oacute; durante el fin de semana el lanzamiento de la XXIV Fiesta Provincial de la Pesca del Armado. El Paseo Muelle Hist&oacute;rico fue el espacio elegido para la apertura simb&oacute;lica de esta fiesta que desde hace m&aacute;s de [&hellip;]<\/p>\n","protected":false},"author":2,"featured_media":9059,"comment_status":"open","ping_status":"open","sticky":false,"template":"","format":"standard","meta":{"footnotes":""},"categories":[3272,8],"tags":[257,4091,4090,207],"class_list":["post-9057","post","type-post","status-publish","format-standard","has-post-thumbnail","hentry","category-municipales","category-provinciales","tag-entre-rios","tag-fiesta-provincial-de-pesca-del-armado","tag-lanzamiento","tag-santa-elena"],"_links":{"self":[{"href":"https:\/\/partediario.com.ar\/index.php?rest_route=\/wp\/v2\/posts\/9057","targetHints":{"allow":["GET"]}}],"collection":[{"href":"https:\/\/partediario.com.ar\/index.php?rest_route=\/wp\/v2\/posts"}],"about":[{"href":"https:\/\/partediario.com.ar\/index.php?rest_route=\/wp\/v2\/types\/post"}],"author":[{"embeddable":true,"href":"https:\/\/partediario.com.ar\/index.php?rest_route=\/wp\/v2\/users\/2"}],"replies":[{"embeddable":true,"href":"https:\/\/partediario.com.ar\/index.php?rest_route=%2Fwp%2Fv2%2Fcomments&post=9057"}],"version-history":[{"count":1,"href":"https:\/\/partediario.com.ar\/index.php?rest_route=\/wp\/v2\/posts\/9057\/revisions"}],"predecessor-version":[{"id":9060,"href":"https:\/\/partediario.com.ar\/index.php?rest_route=\/wp\/v2\/posts\/9057\/revisions\/9060"}],"wp:featuredmedia":[{"embeddable":true,"href":"https:\/\/partediario.com.ar\/index.php?rest_route=\/wp\/v2\/media\/9059"}],"wp:attachment":[{"href":"https:\/\/partediario.com.ar\/index.php?rest_route=%2Fwp%2Fv2%2Fmedia&parent=9057"}],"wp:term":[{"taxonomy":"category","embeddable":true,"href":"https:\/\/partediario.com.ar\/index.php?rest_route=%2Fwp%2Fv2%2Fcategories&post=9057"},{"taxonomy":"post_tag","embeddable":true,"href":"https:\/\/partediario.com.ar\/index.php?rest_route=%2Fwp%2Fv2%2Ftags&post=9057"}],"curies":[{"name":"wp","href":"https:\/\/api.w.org\/{rel}","templated":true}]}}