{"id":9083,"date":"2024-11-05T12:19:59","date_gmt":"2024-11-05T15:19:59","guid":{"rendered":"https:\/\/partediario.com.ar\/?p=9083"},"modified":"2024-11-07T12:04:40","modified_gmt":"2024-11-07T15:04:40","slug":"se-detectaron-los-primeros-casos-autoctonos-de-dengue-en-el-amba","status":"publish","type":"post","link":"https:\/\/partediario.com.ar\/?p=9083","title":{"rendered":"Se detectaron los primeros casos aut\u00f3ctonos de dengue en el AMBA"},"content":{"rendered":"\n<h3 class=\"wp-block-heading\">En el \u00c1rea Metropolitana de Buenos Aires (AMBA) se constataron los primeros casos aut\u00f3ctonos de dengue y se suman las provincias de Mendoza, C\u00f3rdoba y Tucum\u00e1n, todas con un paciente confirmado.<\/h3>\n\n\n\n<p>El \u00faltimo Bolet\u00edn Epidemiol\u00f3gico publicado por el Ministerio de Salud de la Naci\u00f3n advierte que esta \u00faltima semana se sumaron seis casos de dengue sin antecedentes de viaje.<\/p>\n\n\n\n<p>\u201cSe sumaron casos sin antecedentes de viaje en las provincias de C\u00f3rdoba (2 casos en la SE42 con identificaci\u00f3n de DEN-1), Mendoza (1 caso en la SE42 sin identificaci\u00f3n de serotipo), Tucum\u00e1n (1 caso confirmado en la SE43 por el laboratorio de referencia, pero que corresponde a la SE34, con residencia en el departamento Cruz Alta y detecci\u00f3n de anticuerpos neutralizantes para DEN-1), CABA (1 caso en la SE43 con residencia en la Comuna 3 e identificaci\u00f3n de DEN-1) y Buenos Aires (un caso en la SE43 asistido en CABA, con domicilio en el partido de La Matanza e identificaci\u00f3n de DEN-1)\u201d, se\u00f1alaron.<\/p>\n\n\n\n<p>Los casos detectados en Capital Federal y Buenos Aires corresponden al serotipo DEN-1, el de mayor circulaci\u00f3n en el pa\u00eds.<\/p>\n\n\n\n<p>Si bien por ahora son pocos casos aut\u00f3ctonos, las autoridades advierten sobre la necesidad de prevenir la circulaci\u00f3n del mosquito Aedes aegypti para evitar un nuevo brote.<\/p>\n\n\n\n<p>\u201cSe confirmaron 5 casos importados: 2 residentes en Buenos Aires (1 con antecedentes de viaje a Brasil y Cuba); 1 caso residente en C\u00f3rdoba (con antecedentes de viaje a Cuba e identificaci\u00f3n del serotipo DEN-4); 1 caso residente en CABA (con antecedente de viaje a India y sin identificaci\u00f3n de serotipo); 1 caso correspondiente a la provincia de Mendoza (que cuenta con viaje a Per\u00fa, sin identificaci\u00f3n de serotipo). Por \u00faltimo, se confirmaron 3 casos en pacientes trasplantados y 1 con antecedente reciente de vacunaci\u00f3n contra el dengue\u201d, adicionaron.<\/p>\n","protected":false},"excerpt":{"rendered":"<p>En el &Aacute;rea Metropolitana de Buenos Aires (AMBA) se constataron los primeros casos aut&oacute;ctonos de dengue y se suman las provincias de Mendoza, C&oacute;rdoba y Tucum&aacute;n, todas con un paciente confirmado. El &uacute;ltimo Bolet&iacute;n Epidemiol&oacute;gico publicado por el Ministerio de Salud de la Naci&oacute;n advierte que esta &uacute;ltima semana se sumaron seis casos de dengue [&hellip;]<\/p>\n","protected":false},"author":2,"featured_media":9084,"comment_status":"open","ping_status":"open","sticky":false,"template":"","format":"standard","meta":{"footnotes":""},"categories":[5,726],"tags":[2186,2829],"class_list":["post-9083","post","type-post","status-publish","format-standard","has-post-thumbnail","hentry","category-nacionales","category-sociedad","tag-amba","tag-dengue"],"_links":{"self":[{"href":"https:\/\/partediario.com.ar\/index.php?rest_route=\/wp\/v2\/posts\/9083","targetHints":{"allow":["GET"]}}],"collection":[{"href":"https:\/\/partediario.com.ar\/index.php?rest_route=\/wp\/v2\/posts"}],"about":[{"href":"https:\/\/partediario.com.ar\/index.php?rest_route=\/wp\/v2\/types\/post"}],"author":[{"embeddable":true,"href":"https:\/\/partediario.com.ar\/index.php?rest_route=\/wp\/v2\/users\/2"}],"replies":[{"embeddable":true,"href":"https:\/\/partediario.com.ar\/index.php?rest_route=%2Fwp%2Fv2%2Fcomments&post=9083"}],"version-history":[{"count":1,"href":"https:\/\/partediario.com.ar\/index.php?rest_route=\/wp\/v2\/posts\/9083\/revisions"}],"predecessor-version":[{"id":9085,"href":"https:\/\/partediario.com.ar\/index.php?rest_route=\/wp\/v2\/posts\/9083\/revisions\/9085"}],"wp:featuredmedia":[{"embeddable":true,"href":"https:\/\/partediario.com.ar\/index.php?rest_route=\/wp\/v2\/media\/9084"}],"wp:attachment":[{"href":"https:\/\/partediario.com.ar\/index.php?rest_route=%2Fwp%2Fv2%2Fmedia&parent=9083"}],"wp:term":[{"taxonomy":"category","embeddable":true,"href":"https:\/\/partediario.com.ar\/index.php?rest_route=%2Fwp%2Fv2%2Fcategories&post=9083"},{"taxonomy":"post_tag","embeddable":true,"href":"https:\/\/partediario.com.ar\/index.php?rest_route=%2Fwp%2Fv2%2Ftags&post=9083"}],"curies":[{"name":"wp","href":"https:\/\/api.w.org\/{rel}","templated":true}]}}