{"id":9105,"date":"2024-11-05T20:54:41","date_gmt":"2024-11-05T23:54:41","guid":{"rendered":"https:\/\/partediario.com.ar\/?p=9105"},"modified":"2024-11-07T12:04:14","modified_gmt":"2024-11-07T15:04:14","slug":"la-junta-electoral-del-pj-proclamo-a-cristina-kirchner-como-presidenta-del-partido","status":"publish","type":"post","link":"https:\/\/partediario.com.ar\/?p=9105","title":{"rendered":"La Junta Electoral del PJ proclam\u00f3 a Cristina Kirchner como presidenta del partido"},"content":{"rendered":"\n<h3 class=\"wp-block-heading\">Cristina Kirchner fue proclamada esta tarde por la Junta Electoral del PJ, como titular del Consejo Nacional del PJ, seg\u00fan pudo pudo confirmar de fuentes partidarias.<\/h3>\n\n\n\n<p>Fern\u00e1ndez de Kirchner hab\u00eda quedado como candidata \u00fanica despu\u00e9s luego que la Justicia Electoral hiciera lugar a la impugnaci\u00f3n de la lista del gobernador de La Rioja, Ricardo Quintela, por no reunir los avales necesarios para participar de esa compulsa.<\/p>\n\n\n\n<p>Noticia en desarrollo.<\/p>\n","protected":false},"excerpt":{"rendered":"<p>Cristina Kirchner fue proclamada esta tarde por la Junta Electoral del PJ, como titular del Consejo Nacional del PJ, seg&uacute;n pudo pudo confirmar de fuentes partidarias. Fern&aacute;ndez de Kirchner hab&iacute;a quedado como candidata &uacute;nica despu&eacute;s luego que la Justicia Electoral hiciera lugar a la impugnaci&oacute;n de la lista del gobernador de La Rioja, Ricardo Quintela, [&hellip;]<\/p>\n","protected":false},"author":2,"featured_media":9106,"comment_status":"open","ping_status":"open","sticky":false,"template":"","format":"standard","meta":{"footnotes":""},"categories":[5,176],"tags":[518,295,4111,2816],"class_list":["post-9105","post","type-post","status-publish","format-standard","has-post-thumbnail","hentry","category-nacionales","category-politica","tag-cristina-kirchner","tag-pj","tag-presidenta","tag-ricardo-quintela"],"_links":{"self":[{"href":"https:\/\/partediario.com.ar\/index.php?rest_route=\/wp\/v2\/posts\/9105","targetHints":{"allow":["GET"]}}],"collection":[{"href":"https:\/\/partediario.com.ar\/index.php?rest_route=\/wp\/v2\/posts"}],"about":[{"href":"https:\/\/partediario.com.ar\/index.php?rest_route=\/wp\/v2\/types\/post"}],"author":[{"embeddable":true,"href":"https:\/\/partediario.com.ar\/index.php?rest_route=\/wp\/v2\/users\/2"}],"replies":[{"embeddable":true,"href":"https:\/\/partediario.com.ar\/index.php?rest_route=%2Fwp%2Fv2%2Fcomments&post=9105"}],"version-history":[{"count":1,"href":"https:\/\/partediario.com.ar\/index.php?rest_route=\/wp\/v2\/posts\/9105\/revisions"}],"predecessor-version":[{"id":9107,"href":"https:\/\/partediario.com.ar\/index.php?rest_route=\/wp\/v2\/posts\/9105\/revisions\/9107"}],"wp:featuredmedia":[{"embeddable":true,"href":"https:\/\/partediario.com.ar\/index.php?rest_route=\/wp\/v2\/media\/9106"}],"wp:attachment":[{"href":"https:\/\/partediario.com.ar\/index.php?rest_route=%2Fwp%2Fv2%2Fmedia&parent=9105"}],"wp:term":[{"taxonomy":"category","embeddable":true,"href":"https:\/\/partediario.com.ar\/index.php?rest_route=%2Fwp%2Fv2%2Fcategories&post=9105"},{"taxonomy":"post_tag","embeddable":true,"href":"https:\/\/partediario.com.ar\/index.php?rest_route=%2Fwp%2Fv2%2Ftags&post=9105"}],"curies":[{"name":"wp","href":"https:\/\/api.w.org\/{rel}","templated":true}]}}