{"id":9119,"date":"2024-11-06T11:22:31","date_gmt":"2024-11-06T14:22:31","guid":{"rendered":"https:\/\/partediario.com.ar\/?p=9119"},"modified":"2024-11-07T12:03:56","modified_gmt":"2024-11-07T15:03:56","slug":"saben-que-pueden-contar-con-argentina-expreso-milei-a-trump","status":"publish","type":"post","link":"https:\/\/partediario.com.ar\/?p=9119","title":{"rendered":"\u00abSaben que pueden contar con Argentina\u00bb, expres\u00f3 Milei a Trump"},"content":{"rendered":"\n<h3 class=\"wp-block-heading\">El presidente Javier Milei felicit\u00f3 al republicano Donald Trump por su victoria en las elecciones nacionales de los Estados Unidos. \u00abFelicitaciones por su formidable victoria\u00bb, se\u00f1al\u00f3 el presidente argentino en su cuenta de la red social X.<\/h3>\n\n\n\n<p>Milei a\u00f1adi\u00f3: \u00abAhora, make America great again. Saben que pueden contar con Argentina para llevar a cabo su tarea. \u00c9xitos y Bendiciones. Atentamente, Javier Milei\u00bb.<\/p>\n\n\n\n<p><\/p>\n\n\n\n<blockquote class=\"twitter-tweet\"><p lang=\"en\" dir=\"ltr\">.<a href=\"https:\/\/twitter.com\/realDonaldTrump?ref_src=twsrc%5Etfw\">@realDonaldTrump<\/a> congratulations on your formidable electoral victory.<br>Now, Make America Great Again. You know that You can count on Argentina to carry out your task.<br>Success and blessings.<br>Best regards,<br>Javier Milei ( <a href=\"https:\/\/twitter.com\/JMilei?ref_src=twsrc%5Etfw\">@JMilei<\/a> ) <a href=\"https:\/\/t.co\/gpOPYlxj7u\">pic.twitter.com\/gpOPYlxj7u<\/a><\/p>&mdash; Javier Milei (@JMilei) <a href=\"https:\/\/twitter.com\/JMilei\/status\/1854099176541356043?ref_src=twsrc%5Etfw\">November 6, 2024<\/a><\/blockquote> <script async src=\"https:\/\/platform.twitter.com\/widgets.js\" charset=\"utf-8\"><\/script>\n\n\n\n<p>El Presidente acompa\u00f1\u00f3 el mensaje con una fotograf\u00eda de ambos sobre las banderas de los Estados Unidos y la Argentina.<\/p>\n\n\n\n<p>Lo cierto es que el libertario intercambi\u00f3 mensajes con el CEO de Tesla, Elon Musk, uno de los principales impulsores de la campa\u00f1a del republicano, y se aguarda que durante el transcurso de la jornada se comunique con el reciente electo mandatario.<\/p>\n\n\n\n<p>Desde el entorno de Milei niegan la posibilidad de viajar a Estados Unidos en los pr\u00f3ximos d\u00edas, aunque auguran que estar\u00e1 presente en la ceremonia de asunci\u00f3n del lunes 20 de enero de 2025 que se desarrolla hist\u00f3ricamente en el edificio del Capitolio ubicado en Washington.<\/p>\n\n\n\n<p>El jefe de Estado comparti\u00f3 adem\u00e1s im\u00e1genes personificadas de ambos, en las que \u00e9l es personificado por un le\u00f3n en su cuenta de Instagram acompa\u00f1ado de las leyendas \u201cMake America Great Again\u201d, que caracteriza al estadounidense, y su frase de cabecera: \u201cViva la libertad, carajo\u201d.<\/p>\n\n\n\n<p>Con los mensajes se sum\u00f3 a los saludos que le enviaron al republicano l\u00edderes internacionales del Reino Unido, Israel, El Salvador, Italia y Francia, entre otros pa\u00edses tras el triunfo sobre la dem\u00f3crata Kamala Harris.<\/p>\n\n\n\n<p>El Gobierno de La Libertad Avanza (LLA) hab\u00eda sido cuidadoso de no expresar favoritismo en la elecci\u00f3n de los Estados Unidos, aunque es reconocida la preferencia de Milei por Trump.<\/p>\n\n\n\n<p>Tras el triunfo de Donald Trump, la Argentina terminar\u00e1 de definir qui\u00e9n ser\u00e1 el pr\u00f3ximo embajador en ese pa\u00eds, tras la salida de Gerardo Werthein de ese cargo para convertirse en canciller.<\/p>\n","protected":false},"excerpt":{"rendered":"<p>El presidente Javier Milei felicit&oacute; al republicano Donald Trump por su victoria en las elecciones nacionales de los Estados Unidos. &laquo;Felicitaciones por su formidable victoria&raquo;, se&ntilde;al&oacute; el presidente argentino en su cuenta de la red social X. Milei a&ntilde;adi&oacute;: &laquo;Ahora, make America great again. Saben que pueden contar con Argentina para llevar a cabo su [&hellip;]<\/p>\n","protected":false},"author":2,"featured_media":9120,"comment_status":"open","ping_status":"open","sticky":false,"template":"","format":"standard","meta":{"footnotes":""},"categories":[9,176],"tags":[857,232],"class_list":["post-9119","post","type-post","status-publish","format-standard","has-post-thumbnail","hentry","category-internacionales","category-politica","tag-donald-trump","tag-javier-milei"],"_links":{"self":[{"href":"https:\/\/partediario.com.ar\/index.php?rest_route=\/wp\/v2\/posts\/9119","targetHints":{"allow":["GET"]}}],"collection":[{"href":"https:\/\/partediario.com.ar\/index.php?rest_route=\/wp\/v2\/posts"}],"about":[{"href":"https:\/\/partediario.com.ar\/index.php?rest_route=\/wp\/v2\/types\/post"}],"author":[{"embeddable":true,"href":"https:\/\/partediario.com.ar\/index.php?rest_route=\/wp\/v2\/users\/2"}],"replies":[{"embeddable":true,"href":"https:\/\/partediario.com.ar\/index.php?rest_route=%2Fwp%2Fv2%2Fcomments&post=9119"}],"version-history":[{"count":1,"href":"https:\/\/partediario.com.ar\/index.php?rest_route=\/wp\/v2\/posts\/9119\/revisions"}],"predecessor-version":[{"id":9121,"href":"https:\/\/partediario.com.ar\/index.php?rest_route=\/wp\/v2\/posts\/9119\/revisions\/9121"}],"wp:featuredmedia":[{"embeddable":true,"href":"https:\/\/partediario.com.ar\/index.php?rest_route=\/wp\/v2\/media\/9120"}],"wp:attachment":[{"href":"https:\/\/partediario.com.ar\/index.php?rest_route=%2Fwp%2Fv2%2Fmedia&parent=9119"}],"wp:term":[{"taxonomy":"category","embeddable":true,"href":"https:\/\/partediario.com.ar\/index.php?rest_route=%2Fwp%2Fv2%2Fcategories&post=9119"},{"taxonomy":"post_tag","embeddable":true,"href":"https:\/\/partediario.com.ar\/index.php?rest_route=%2Fwp%2Fv2%2Ftags&post=9119"}],"curies":[{"name":"wp","href":"https:\/\/api.w.org\/{rel}","templated":true}]}}