{"id":9131,"date":"2024-11-06T17:29:31","date_gmt":"2024-11-06T20:29:31","guid":{"rendered":"https:\/\/partediario.com.ar\/?p=9131"},"modified":"2024-11-07T12:03:42","modified_gmt":"2024-11-07T15:03:42","slug":"las-novedades-sobre-la-salud-de-jorge-lanata","status":"publish","type":"post","link":"https:\/\/partediario.com.ar\/?p=9131","title":{"rendered":"Las novedades sobre la salud de Jorge Lanata"},"content":{"rendered":"\n<h3 class=\"wp-block-heading\">Elba Marcovecchio sobre las mejoras en la salud de Jorge Lanata a semanas de su cuarta intervenci\u00f3n quir\u00fargica por su isquemia intestinal.<\/h3>\n\n\n\n<p>\u00abMe est\u00e1 escribiendo Elba y dice que no sabe de d\u00f3nde sacaste la informaci\u00f3n de que Lanata est\u00e1 l\u00facido y que mira videos y que le cuentan cosas. Porque ella es la que est\u00e1 todas las ma\u00f1anas, de 8 a 11, y que no entienden por qu\u00e9 lo estigmatizan as\u00ed. Que Jorge no est\u00e1 l\u00facido, ni mira videos, ni nadie le cont\u00f3 nada de (Donald) Trump, ni habla. Me pide por favor que lo aclare porque es mentira y que va en contra de los partes de la cl\u00ednica\u00bb, dijo Yanina Latorre.<\/p>\n\n\n\n<p>Minutos despu\u00e9s, Elba habl\u00f3 al m\u00f3vil que la esperaba afuera del Hospital Italiano: \u201cJorge es un milagro de c\u00f3mo est\u00e1 de la isquemia intestinal\u201d, y a\u00f1adi\u00f3: \u201cEl paso a seguir es que Jorge est\u00e9 lo m\u00e1s estabilizado posible para hacer la rehabilitaci\u00f3n neurol\u00f3gica. Ese es el pas\u00f3 m\u00e1s importante y el m\u00e1s largo\u201d.<\/p>\n\n\n\n<p>La abogada se mostr\u00f3 feliz al contar las buenas noticias sobre el periodista: \u00abJorge no sufre. Yo no s\u00e9 si violo alg\u00fan secreto profesional, porque yo hice una interconsulta con un neur\u00f3logo y con L\u00f3pez Rosetti, y \u00e9l me dijo algo maravilloso. Me volvi\u00f3 el alma al cuerpo. A m\u00ed me dijo &#8216;Jorge no est\u00e1 sufriendo&#8217;. El dolor del cuerpo s\u00ed lo siente, pero \u00e9l no est\u00e1 sufriendo todo este proceso\u00bb.<\/p>\n\n\n\n<p>Hizo referencia adem\u00e1s a la informaci\u00f3n que sosten\u00eda que el periodista no estaba lucido, ni puede hablar: \u201cAc\u00e1 hay una parte que es una cuesti\u00f3n f\u00edsica de la cual se est\u00e1 reponiendo y una parte, que ya se hizo p\u00fablica, y me hubiese encantado que no se haya hecho p\u00fablica, que es neurol\u00f3gica\u201d.<\/p>\n\n\n\n<p>Y acot\u00f3: \u201cNo, hablar es una cosa y estar l\u00facido es otra\u201d.<\/p>\n\n\n\n<p>Ante la consulta de \u00c1ngel de Brito, la abogada explic\u00f3 la diferencia entre los rumores y la realidad de Lanata: \u201cEstar l\u00facido es entender la extensi\u00f3n de los actos, es estar en tiempo y espacio, es estar conectado con la realidad. Distinto es poder estar hablando o fonando, como dicen los m\u00e9dicos, que eso s\u00ed Jorge est\u00e1 haciendo\u201d.<\/p>\n\n\n\n<p>De esta forma aclar\u00f3 que no es que dice \u201ccosas sin sentido\u201d, pero porque Jorge es un \u201ctipo tan brillante que hasta en este estado dice cosas maravillosas\u201d, concluy\u00f3.<\/p>\n","protected":false},"excerpt":{"rendered":"<p>Elba Marcovecchio sobre las mejoras en la salud de Jorge Lanata a semanas de su cuarta intervenci&oacute;n quir&uacute;rgica por su isquemia intestinal. &laquo;Me est&aacute; escribiendo Elba y dice que no sabe de d&oacute;nde sacaste la informaci&oacute;n de que Lanata est&aacute; l&uacute;cido y que mira videos y que le cuentan cosas. Porque ella es la que [&hellip;]<\/p>\n","protected":false},"author":2,"featured_media":9132,"comment_status":"open","ping_status":"open","sticky":false,"template":"","format":"standard","meta":{"footnotes":""},"categories":[726],"tags":[2651,306],"class_list":["post-9131","post","type-post","status-publish","format-standard","has-post-thumbnail","hentry","category-sociedad","tag-jorge-lanatac","tag-salud"],"_links":{"self":[{"href":"https:\/\/partediario.com.ar\/index.php?rest_route=\/wp\/v2\/posts\/9131","targetHints":{"allow":["GET"]}}],"collection":[{"href":"https:\/\/partediario.com.ar\/index.php?rest_route=\/wp\/v2\/posts"}],"about":[{"href":"https:\/\/partediario.com.ar\/index.php?rest_route=\/wp\/v2\/types\/post"}],"author":[{"embeddable":true,"href":"https:\/\/partediario.com.ar\/index.php?rest_route=\/wp\/v2\/users\/2"}],"replies":[{"embeddable":true,"href":"https:\/\/partediario.com.ar\/index.php?rest_route=%2Fwp%2Fv2%2Fcomments&post=9131"}],"version-history":[{"count":1,"href":"https:\/\/partediario.com.ar\/index.php?rest_route=\/wp\/v2\/posts\/9131\/revisions"}],"predecessor-version":[{"id":9133,"href":"https:\/\/partediario.com.ar\/index.php?rest_route=\/wp\/v2\/posts\/9131\/revisions\/9133"}],"wp:featuredmedia":[{"embeddable":true,"href":"https:\/\/partediario.com.ar\/index.php?rest_route=\/wp\/v2\/media\/9132"}],"wp:attachment":[{"href":"https:\/\/partediario.com.ar\/index.php?rest_route=%2Fwp%2Fv2%2Fmedia&parent=9131"}],"wp:term":[{"taxonomy":"category","embeddable":true,"href":"https:\/\/partediario.com.ar\/index.php?rest_route=%2Fwp%2Fv2%2Fcategories&post=9131"},{"taxonomy":"post_tag","embeddable":true,"href":"https:\/\/partediario.com.ar\/index.php?rest_route=%2Fwp%2Fv2%2Ftags&post=9131"}],"curies":[{"name":"wp","href":"https:\/\/api.w.org\/{rel}","templated":true}]}}