{"id":9147,"date":"2024-11-07T11:50:20","date_gmt":"2024-11-07T14:50:20","guid":{"rendered":"https:\/\/partediario.com.ar\/?p=9147"},"modified":"2024-11-08T18:30:57","modified_gmt":"2024-11-08T21:30:57","slug":"asi-como-liberamos-la-calle-vamos-a-liberar-los-aeropuertos-expreso-bullrich","status":"publish","type":"post","link":"https:\/\/partediario.com.ar\/?p=9147","title":{"rendered":"\u201cAs\u00ed como liberamos la calle, vamos a liberar los aeropuertos\u201d, expres\u00f3 Bullrich"},"content":{"rendered":"\n<h3 class=\"wp-block-heading\">La ministra de Seguridad, Patricia Bullrich, cuestion\u00f3 la medida gremial de la empresa Intercargo, que se llev\u00f3 adelante el pasado mi\u00e9rcoles en el Aeroparque Jorge Newbery, y prometi\u00f3 regularizar la situaci\u00f3n en los aeropuertos. \u201cAs\u00ed como liberamos la calle vamos a liberar los aeropuertos\u201d, apunt\u00f3.<\/h3>\n\n\n\n<p>Luego de los hechos que afectaron a m\u00e1s de mil pasajeros, desde el Gobierno nacional advirtieron que los gremios tienen hasta el viernes para presentar una propuesta y dar fin a los conflictos sino convocar\u00e1n a un Plan Preventivo de Crisis \u201ccomo ultim\u00e1tum al cierre de la compa\u00f1\u00eda\u201d.<\/p>\n\n\n\n<p>\u201cVivimos una situaci\u00f3n in\u00e9dita, nunca vista, tanto es as\u00ed que 18 personas debieron ir a la unidad m\u00e9dica. Personas con temblores, con sofocamiento, convulsiones, una persona con hipertensi\u00f3n\u201d, destac\u00f3 la funcionaria.<\/p>\n\n\n\n<p>Y agreg\u00f3 que: \u201cNos pudimos al frente, logramos demostrar que no nos van a pasar por arriba, que vamos a liberar a la gente de esta tortura permanente a la que es sometida en aeropuertos, haciendo asambleas repentinas, arruin\u00e1ndoles la vida a miles de personas con distintos destinos\u201d.<\/p>\n\n\n\n<p>Adem\u00e1s revel\u00f3 que el presidente Javier Milei instruy\u00f3 al Gabinete a tomar medidas, remarc\u00f3 en que \u201cIntercargo es una problema enorme desde hace a\u00f1os\u201d, y defini\u00f3 la protesta de ayer como \u201cun piquete aereo\u201d. \u201cHay que tomar medidas r\u00e1pidas que tienen que ver con Aerol\u00edneas, con los pilotos y con Intercargo, a quienes hemos denunciado penalmente ante la justicia federal por abandono de persona y privaci\u00f3n ileg\u00edtima de la libertad\u201d, indic\u00f3 en declaraciones televisivas<\/p>\n\n\n\n<p>\u201cVamos a actuar con toda la fuerza de la ley. Nosotros defendemos a los 46 millones de argentinos y sus impuestos que les pagan a estos se\u00f1ores los sueldos para torturarlos\u201d, finaliz\u00f3 Bullrich.<\/p>\n","protected":false},"excerpt":{"rendered":"<p>La ministra de Seguridad, Patricia Bullrich, cuestion&oacute; la medida gremial de la empresa Intercargo, que se llev&oacute; adelante el pasado mi&eacute;rcoles en el Aeroparque Jorge Newbery, y prometi&oacute; regularizar la situaci&oacute;n en los aeropuertos. &ldquo;As&iacute; como liberamos la calle vamos a liberar los aeropuertos&rdquo;, apunt&oacute;. Luego de los hechos que afectaron a m&aacute;s de mil [&hellip;]<\/p>\n","protected":false},"author":2,"featured_media":9148,"comment_status":"open","ping_status":"open","sticky":false,"template":"","format":"standard","meta":{"footnotes":""},"categories":[978,979,5],"tags":[962,4128,4129,3147,510],"class_list":["post-9147","post","type-post","status-publish","format-standard","has-post-thumbnail","hentry","category-gremiales","category-judiciales","category-nacionales","tag-aerolineas-argentinas","tag-aeropuertos","tag-intercargo","tag-liberacion","tag-patricia-bullrich"],"_links":{"self":[{"href":"https:\/\/partediario.com.ar\/index.php?rest_route=\/wp\/v2\/posts\/9147","targetHints":{"allow":["GET"]}}],"collection":[{"href":"https:\/\/partediario.com.ar\/index.php?rest_route=\/wp\/v2\/posts"}],"about":[{"href":"https:\/\/partediario.com.ar\/index.php?rest_route=\/wp\/v2\/types\/post"}],"author":[{"embeddable":true,"href":"https:\/\/partediario.com.ar\/index.php?rest_route=\/wp\/v2\/users\/2"}],"replies":[{"embeddable":true,"href":"https:\/\/partediario.com.ar\/index.php?rest_route=%2Fwp%2Fv2%2Fcomments&post=9147"}],"version-history":[{"count":1,"href":"https:\/\/partediario.com.ar\/index.php?rest_route=\/wp\/v2\/posts\/9147\/revisions"}],"predecessor-version":[{"id":9149,"href":"https:\/\/partediario.com.ar\/index.php?rest_route=\/wp\/v2\/posts\/9147\/revisions\/9149"}],"wp:featuredmedia":[{"embeddable":true,"href":"https:\/\/partediario.com.ar\/index.php?rest_route=\/wp\/v2\/media\/9148"}],"wp:attachment":[{"href":"https:\/\/partediario.com.ar\/index.php?rest_route=%2Fwp%2Fv2%2Fmedia&parent=9147"}],"wp:term":[{"taxonomy":"category","embeddable":true,"href":"https:\/\/partediario.com.ar\/index.php?rest_route=%2Fwp%2Fv2%2Fcategories&post=9147"},{"taxonomy":"post_tag","embeddable":true,"href":"https:\/\/partediario.com.ar\/index.php?rest_route=%2Fwp%2Fv2%2Ftags&post=9147"}],"curies":[{"name":"wp","href":"https:\/\/api.w.org\/{rel}","templated":true}]}}