{"id":9160,"date":"2024-11-07T17:59:18","date_gmt":"2024-11-07T20:59:18","guid":{"rendered":"https:\/\/partediario.com.ar\/?p=9160"},"modified":"2024-11-08T18:30:45","modified_gmt":"2024-11-08T21:30:45","slug":"milei-viaja-la-semana-proxima-a-estados-unidos-y-trabajan-para-lograr-un-encuentro-con-trump","status":"publish","type":"post","link":"https:\/\/partediario.com.ar\/?p=9160","title":{"rendered":"Milei viaja la semana pr\u00f3xima a Estados Unidos y trabajan para lograr un encuentro con Trump"},"content":{"rendered":"\n<h3 class=\"wp-block-heading\">El presidente Javier Milei viajar\u00e1 la semana pr\u00f3xima a Estados Unidos para participar del foro de la Conferencia Pol\u00edtica de Acci\u00f3n Conservadora (CPAC), que se realizar\u00e1 del 14 al 16 en Florida, seg\u00fan confirmaron de fuentes oficiales.<\/h3>\n\n\n\n<p>El encuentro se llevar\u00e1 adelante en el complejo Mar-a-Lago, propiedad del mandatario electo de ese pa\u00eds, Donald Trump, por lo que hay expectativa por una posible reuni\u00f3n con el pr\u00f3ximo presidente de los Estados Unidos.<\/p>\n\n\n\n<p>A ra\u00edz del triunfo de Trump, y despu\u00e9s que no haya habido comunicaci\u00f3n entre ambos, Milei viajar\u00e1 la semana pr\u00f3xima a Palm Beach para participar del evento conservador coordinado por el empresario Elon Musk, que actualmente forma parte del entorno del presidente electo y podr\u00eda integrar su gabinete.<\/p>\n\n\n\n<p>La intenci\u00f3n de Milei en su s\u00e9ptimo viaje a Estados Unidos es disertar en la confederaci\u00f3n y aprovechar la proximidad para concretar la primera reuni\u00f3n con Trump tras la contundente victoria electoral del l\u00edder republicano.<\/p>\n\n\n\n<p>\u00abVa a haber reuni\u00f3n\u00bb, adelant\u00f3 una alta fuente con acceso al despacho presidencial.<\/p>\n\n\n\n<p>La agenda de encuentros bilaterales de Milei no se agota ah\u00ed: el domingo 17 se reunir\u00e1 en el pa\u00eds con su par de Francia, Emmanuel Macron, y los d\u00edas 18 y 19 participar\u00e1 de la Cumbre del G20 en Brasil.<\/p>\n\n\n\n<p>Seg\u00fan trascendi\u00f3 de fuentes oficiales, la intenci\u00f3n es incorporar en el marco del G20 una cita con el presidente de China, Xi Jinping. Posteriormente, el 20 de noviembre, Milei se reunir\u00e1 en Argentina con la presidenta del Consejo de Ministros de Italia, Georgia Meloni.<\/p>\n\n\n\n<p>Si bien a\u00fan faltan tres meses para la ceremonia de asunci\u00f3n de Trump que tendr\u00e1 lugar el 20 de enero en Washington, en la administraci\u00f3n libertaria vaticinan que Milei emprender\u00e1 en esa oportunidad un nuevo viaje para asistir a ese acto.<\/p>\n\n\n\n<p>En la Casa Rosada, el triunfo del representante del Gran Old Party fue recibido con euforia y esperanza: \u00abse trata de un nuevo aliado en la batalla cultural que encarna Milei!, en un contexto donde los exponentes a nivel mundial no abundan.<\/p>\n\n\n\n<p>\u00abNos vamos a ir a pelear juntos a la ONU\u00bb, manifest\u00f3 un funcionario con acceso al despacho presidencial.<\/p>\n\n\n\n<p>La Canciller\u00eda a cargo de Gerardo Werthein hasta el momento no design\u00f3 al embajador que se har\u00e1 cargo de llevar las relaciones con Estados Unidos.<\/p>\n","protected":false},"excerpt":{"rendered":"<p>El presidente Javier Milei viajar&aacute; la semana pr&oacute;xima a Estados Unidos para participar del foro de la Conferencia Pol&iacute;tica de Acci&oacute;n Conservadora (CPAC), que se realizar&aacute; del 14 al 16 en Florida, seg&uacute;n confirmaron de fuentes oficiales. El encuentro se llevar&aacute; adelante en el complejo Mar-a-Lago, propiedad del mandatario electo de ese pa&iacute;s, Donald Trump, [&hellip;]<\/p>\n","protected":false},"author":2,"featured_media":9161,"comment_status":"open","ping_status":"open","sticky":false,"template":"","format":"standard","meta":{"footnotes":""},"categories":[5,176],"tags":[4141,857,467,232,4140],"class_list":["post-9160","post","type-post","status-publish","format-standard","has-post-thumbnail","hentry","category-nacionales","category-politica","tag-cpac","tag-donald-trump","tag-estados-unidos","tag-javier-milei","tag-viaja"],"_links":{"self":[{"href":"https:\/\/partediario.com.ar\/index.php?rest_route=\/wp\/v2\/posts\/9160","targetHints":{"allow":["GET"]}}],"collection":[{"href":"https:\/\/partediario.com.ar\/index.php?rest_route=\/wp\/v2\/posts"}],"about":[{"href":"https:\/\/partediario.com.ar\/index.php?rest_route=\/wp\/v2\/types\/post"}],"author":[{"embeddable":true,"href":"https:\/\/partediario.com.ar\/index.php?rest_route=\/wp\/v2\/users\/2"}],"replies":[{"embeddable":true,"href":"https:\/\/partediario.com.ar\/index.php?rest_route=%2Fwp%2Fv2%2Fcomments&post=9160"}],"version-history":[{"count":1,"href":"https:\/\/partediario.com.ar\/index.php?rest_route=\/wp\/v2\/posts\/9160\/revisions"}],"predecessor-version":[{"id":9162,"href":"https:\/\/partediario.com.ar\/index.php?rest_route=\/wp\/v2\/posts\/9160\/revisions\/9162"}],"wp:featuredmedia":[{"embeddable":true,"href":"https:\/\/partediario.com.ar\/index.php?rest_route=\/wp\/v2\/media\/9161"}],"wp:attachment":[{"href":"https:\/\/partediario.com.ar\/index.php?rest_route=%2Fwp%2Fv2%2Fmedia&parent=9160"}],"wp:term":[{"taxonomy":"category","embeddable":true,"href":"https:\/\/partediario.com.ar\/index.php?rest_route=%2Fwp%2Fv2%2Fcategories&post=9160"},{"taxonomy":"post_tag","embeddable":true,"href":"https:\/\/partediario.com.ar\/index.php?rest_route=%2Fwp%2Fv2%2Ftags&post=9160"}],"curies":[{"name":"wp","href":"https:\/\/api.w.org\/{rel}","templated":true}]}}