{"id":9170,"date":"2024-11-08T17:56:32","date_gmt":"2024-11-08T20:56:32","guid":{"rendered":"https:\/\/partediario.com.ar\/?p=9170"},"modified":"2024-11-09T12:05:14","modified_gmt":"2024-11-09T15:05:14","slug":"villarruel-asistio-al-velatorio-del-gendarme-asesinado-brutalmente-en-el-palomar","status":"publish","type":"post","link":"https:\/\/partediario.com.ar\/?p=9170","title":{"rendered":"Villarruel asisti\u00f3 al velatorio del gendarme asesinado brutalmente en El Palomar"},"content":{"rendered":"\n<h3 class=\"wp-block-heading\">La vicepresidenta Victoria Villarruel se hizo presente hoy al velatorio de Guillermo L\u00f3pez, el comandante de la Gendarmer\u00eda Nacional asesinado en la localidad bonaerense de El Palomar.<\/h3>\n\n\n\n<p>Villarruel se present\u00f3 este viernes en el Parque Memorial de Pilar y estuvo con la esposa de L\u00f3pez, Marisa, y su hijo. A pedido de la titular del Senado, no hubo fotos.<\/p>\n\n\n\n<p><\/p>\n\n\n\n<blockquote class=\"twitter-tweet\"><p lang=\"es\" dir=\"ltr\">Quiero expresar mis condolencias a la familia del Comandante Mayor Guillermo L\u00f3pez de Gendarmer\u00eda Nacional Argentina, asesinado ayer por delincuentes comunes luego de una vida dedicada a custodiar nuestra Patria. <br>Mi p\u00e9same a sus seres queridos, la gratitud a los uniformados que\u2026 <a href=\"https:\/\/t.co\/ffnIIVvtAS\">pic.twitter.com\/ffnIIVvtAS<\/a><\/p>&mdash; Victoria Villarruel (@VickyVillarruel) <a href=\"https:\/\/twitter.com\/VickyVillarruel\/status\/1854897752968188131?ref_src=twsrc%5Etfw\">November 8, 2024<\/a><\/blockquote> <script async src=\"https:\/\/platform.twitter.com\/widgets.js\" charset=\"utf-8\"><\/script>\n\n\n\n<p><\/p>\n\n\n\n<p>En sus redes sociales, Villarruel hab\u00eda manifestado sus \u00abcondolencias\u00bb a la familia de L\u00f3pez, quien fue asesinado \u00abluego de una vida dedicada a custodiar nuestra Patria\u00bb.<\/p>\n\n\n\n<p>\u00abMi p\u00e9same a sus seres queridos, la gratitud a los uniformados que protegen y velan por nuestra soberan\u00eda y el reclamo de Justicia para \u00e9l. Que el peso de la ley caiga sobre sus victimarios\u00bb, poste\u00f3.<\/p>\n\n\n\n<p>L\u00f3pez fue atacado ayer por un grupo de delincuentes, quienes lo abordaron cuando llegaba a su casa ubicada en el conurbano. El hecho se produjo alrededor de las 19:00 a pocos metros de la vivienda de la v\u00edctima, situada en Villegas y Atahualpa.<\/p>\n\n\n\n<p>Las im\u00e1genes de las c\u00e1maras de seguridad captaron el impactante momento en el cual cuatro delincuentes se bajaron de un autom\u00f3vil y apuntaron hacia el interior del veh\u00edculo donde estaba el gendarme, junto a un compa\u00f1ero de la fuerza.<\/p>\n\n\n\n<p>L\u00f3pez desempe\u00f1aba funciones como jefe del Departamento de Seguridad e Higiene de la Guarnici\u00f3n Centinela de Retiro. Estaba pr\u00f3ximo a retirarse de la fuerza tras de servir a la carrera durante 35 a\u00f1os.<\/p>\n\n\n\n<p>\u00abDedic\u00f3 35 a\u00f1os de su vida a servir al pa\u00eds. Estaba pr\u00f3ximo a despedirse de la instituci\u00f3n a la que tanto le entreg\u00f3, sobre todo en zonas complejas y de frontera. A esos malnacidos vamos a ir a buscarlos a sus cuevas\u00bb, expres\u00f3 Bullrich en X luego de que el hecho tomara estado p\u00fablico.<\/p>\n","protected":false},"excerpt":{"rendered":"<p>La vicepresidenta Victoria Villarruel se hizo presente hoy al velatorio de Guillermo L&oacute;pez, el comandante de la Gendarmer&iacute;a Nacional asesinado en la localidad bonaerense de El Palomar. Villarruel se present&oacute; este viernes en el Parque Memorial de Pilar y estuvo con la esposa de L&oacute;pez, Marisa, y su hijo. A pedido de la titular del [&hellip;]<\/p>\n","protected":false},"author":2,"featured_media":9171,"comment_status":"open","ping_status":"open","sticky":false,"template":"","format":"standard","meta":{"footnotes":""},"categories":[5],"tags":[4147,4144,4146,4145,233],"class_list":["post-9170","post","type-post","status-publish","format-standard","has-post-thumbnail","hentry","category-nacionales","tag-asesinado","tag-asistio","tag-gendarme","tag-velatorio","tag-victoria-villarruel"],"_links":{"self":[{"href":"https:\/\/partediario.com.ar\/index.php?rest_route=\/wp\/v2\/posts\/9170","targetHints":{"allow":["GET"]}}],"collection":[{"href":"https:\/\/partediario.com.ar\/index.php?rest_route=\/wp\/v2\/posts"}],"about":[{"href":"https:\/\/partediario.com.ar\/index.php?rest_route=\/wp\/v2\/types\/post"}],"author":[{"embeddable":true,"href":"https:\/\/partediario.com.ar\/index.php?rest_route=\/wp\/v2\/users\/2"}],"replies":[{"embeddable":true,"href":"https:\/\/partediario.com.ar\/index.php?rest_route=%2Fwp%2Fv2%2Fcomments&post=9170"}],"version-history":[{"count":1,"href":"https:\/\/partediario.com.ar\/index.php?rest_route=\/wp\/v2\/posts\/9170\/revisions"}],"predecessor-version":[{"id":9172,"href":"https:\/\/partediario.com.ar\/index.php?rest_route=\/wp\/v2\/posts\/9170\/revisions\/9172"}],"wp:featuredmedia":[{"embeddable":true,"href":"https:\/\/partediario.com.ar\/index.php?rest_route=\/wp\/v2\/media\/9171"}],"wp:attachment":[{"href":"https:\/\/partediario.com.ar\/index.php?rest_route=%2Fwp%2Fv2%2Fmedia&parent=9170"}],"wp:term":[{"taxonomy":"category","embeddable":true,"href":"https:\/\/partediario.com.ar\/index.php?rest_route=%2Fwp%2Fv2%2Fcategories&post=9170"},{"taxonomy":"post_tag","embeddable":true,"href":"https:\/\/partediario.com.ar\/index.php?rest_route=%2Fwp%2Fv2%2Ftags&post=9170"}],"curies":[{"name":"wp","href":"https:\/\/api.w.org\/{rel}","templated":true}]}}