{"id":9176,"date":"2024-11-08T18:12:46","date_gmt":"2024-11-08T21:12:46","guid":{"rendered":"https:\/\/partediario.com.ar\/?p=9176"},"modified":"2024-11-09T12:05:09","modified_gmt":"2024-11-09T15:05:09","slug":"nuevo-paro-general-no-tenemos-otro-destino-que-salir-a-la-calle-y-pelear-expreso-aguiar","status":"publish","type":"post","link":"https:\/\/partediario.com.ar\/?p=9176","title":{"rendered":"Nuevo paro general: \u00abNo tenemos otro destino que salir a la calle y pelear\u00bb, expres\u00f3 Aguiar"},"content":{"rendered":"\n<h3 class=\"wp-block-heading\">El secretario general de ATE, Rodolfo Aguiar, cuestion\u00f3 al gobierno de Javier Milei y adelant\u00f3 que habr\u00e1 un nuevo paro general al revelar que trabaja de manera coordinada con el triunviro de la CGT, Pablo Moyano, para fijar una fecha. \u00abNo tenemos otro destino que salir a la calle y pelear\u00bb, afirm\u00f3.<\/h3>\n\n\n\n<p>\u201cLa huelga est\u00e1 m\u00e1s cerca de lo que creemos. Ayer habl\u00e9 con Pablo Moyano y seguro nos vamos a juntar los pr\u00f3ximos d\u00edas\u201d, se\u00f1al\u00f3 en declaraciones radiales.<\/p>\n\n\n\n<p>Asimismo, y con fuertes cr\u00edticas a las pol\u00edticas econ\u00f3micas libertarias, Aguiar expres\u00f3: \u201cEstamos ante un Gobierno que al ajuste le suma violencia, maltrato y burla. Nos echa sin piedad, cierra organismos p\u00fablicos, intenta privatizar empresas estatales y hasta intenta vender m\u00e1s de 450 propiedades e inmuebles del Estado\u201d.<\/p>\n\n\n\n<p>\u00abSi no paramos ahora, \u00bfcu\u00e1ndo?\u00bb, se pregunt\u00f3 al tiempo que incid\u00f3 que la administraci\u00f3n libertaria \u201codia a los trabajadores y al Estado\u00bb.<\/p>\n\n\n\n<p>Y adem\u00e1s, sentenci\u00f3: \u201cLo que est\u00e1 en peligro con este Gobierno es la democracia misma\u201d.<\/p>\n\n\n\n<p>Despu\u00e9s que desde el Poder Ejecutivo anunciaran la desregulaci\u00f3n del servicio de rampa en los aeropuertos, el sindicalista asever\u00f3 que \u00abse est\u00e1 intentado montar una campa\u00f1a de desprestigio contra los sindicatos y estigmatizar a los trabajadores\u00bb.<\/p>\n\n\n\n<p>\u00abLos trabajadores jam\u00e1s tuvimos la responsabilidad de garantizar la paz social. Eso debe garantizarlo el Gobierno con las pol\u00edticas que implementa\u00bb, destac\u00f3.<\/p>\n\n\n\n<p>Para Aguiar, Milei no es otra cosa que \u201cun instrumento, una marioneta que est\u00e1 siendo utilizado por el poder econ\u00f3mico real para quedarse con las riquezas del pa\u00eds\u201d, y apunt\u00f3: \u201cEncuentren un argentino que en el \u00faltimo a\u00f1o haya tenido un aumento del salario de m\u00e1s del 1000%\u201d.<\/p>\n\n\n\n<p>Y pidi\u00f3 que los conflictos sociales los resuelva el poder pol\u00edtico y no la Polic\u00eda ni la Justicia. \u201cAvanzamos a una militarizaci\u00f3n\u201d, denunci\u00f3, y finaliz\u00f3: \u201dLa Justicia siempre fue utilizada por el poder pol\u00edtico de turno. En este caso se intenta perseguir pol\u00edtica, ideol\u00f3gica y sindicalmente a todos aquellos que intentan reclamar\u00bb.<\/p>\n","protected":false},"excerpt":{"rendered":"<p>El secretario general de ATE, Rodolfo Aguiar, cuestion&oacute; al gobierno de Javier Milei y adelant&oacute; que habr&aacute; un nuevo paro general al revelar que trabaja de manera coordinada con el triunviro de la CGT, Pablo Moyano, para fijar una fecha. &laquo;No tenemos otro destino que salir a la calle y pelear&raquo;, afirm&oacute;. &ldquo;La huelga est&aacute; [&hellip;]<\/p>\n","protected":false},"author":2,"featured_media":9177,"comment_status":"open","ping_status":"open","sticky":false,"template":"","format":"standard","meta":{"footnotes":""},"categories":[978,5],"tags":[219,3267,691,1279],"class_list":["post-9176","post","type-post","status-publish","format-standard","has-post-thumbnail","hentry","category-gremiales","category-nacionales","tag-ate","tag-pablo-moyano","tag-paro","tag-rodolfo-aguiar"],"_links":{"self":[{"href":"https:\/\/partediario.com.ar\/index.php?rest_route=\/wp\/v2\/posts\/9176","targetHints":{"allow":["GET"]}}],"collection":[{"href":"https:\/\/partediario.com.ar\/index.php?rest_route=\/wp\/v2\/posts"}],"about":[{"href":"https:\/\/partediario.com.ar\/index.php?rest_route=\/wp\/v2\/types\/post"}],"author":[{"embeddable":true,"href":"https:\/\/partediario.com.ar\/index.php?rest_route=\/wp\/v2\/users\/2"}],"replies":[{"embeddable":true,"href":"https:\/\/partediario.com.ar\/index.php?rest_route=%2Fwp%2Fv2%2Fcomments&post=9176"}],"version-history":[{"count":1,"href":"https:\/\/partediario.com.ar\/index.php?rest_route=\/wp\/v2\/posts\/9176\/revisions"}],"predecessor-version":[{"id":9178,"href":"https:\/\/partediario.com.ar\/index.php?rest_route=\/wp\/v2\/posts\/9176\/revisions\/9178"}],"wp:featuredmedia":[{"embeddable":true,"href":"https:\/\/partediario.com.ar\/index.php?rest_route=\/wp\/v2\/media\/9177"}],"wp:attachment":[{"href":"https:\/\/partediario.com.ar\/index.php?rest_route=%2Fwp%2Fv2%2Fmedia&parent=9176"}],"wp:term":[{"taxonomy":"category","embeddable":true,"href":"https:\/\/partediario.com.ar\/index.php?rest_route=%2Fwp%2Fv2%2Fcategories&post=9176"},{"taxonomy":"post_tag","embeddable":true,"href":"https:\/\/partediario.com.ar\/index.php?rest_route=%2Fwp%2Fv2%2Ftags&post=9176"}],"curies":[{"name":"wp","href":"https:\/\/api.w.org\/{rel}","templated":true}]}}