{"id":9192,"date":"2024-11-09T11:46:50","date_gmt":"2024-11-09T14:46:50","guid":{"rendered":"https:\/\/partediario.com.ar\/?p=9192"},"modified":"2024-11-12T11:56:30","modified_gmt":"2024-11-12T14:56:30","slug":"intercargo-dio-a-conocer-un-duro-comunicado-a-manera-de-descargo-por-los-hechos-acontecidos-en-aeroparque","status":"publish","type":"post","link":"https:\/\/partediario.com.ar\/?p=9192","title":{"rendered":"Intercargo dio a conocer un duro comunicado a manera de descargo por los hechos acontecidos en Aeroparque"},"content":{"rendered":"\n<h3 class=\"wp-block-heading\">La Asociaci\u00f3n del Personal Aeron\u00e1utico (APA) denunci\u00f3 en un comunicado que se ha tergiversado lo sucedido en Aeroparque y responsabiliz\u00f3 al Gobierno por lo que pudiera suceder si se hace cargo de las operaciones el personal de las fuerzas de seguridad.<\/h3>\n\n\n\n<p>En el documento destacan, entre otras cosas, que \u201cdesde marzo de este a\u00f1o hemos reclamado insistentemente a las autoridades de la empresa las fallas de la operativa por la falta de personal, retiros voluntarios (despidos encubiertos), la falta de inversi\u00f3n, la reducci\u00f3n de horas extras en Aeroparque y el salvaje desfasaje salarial\u201d.<\/p>\n\n\n\n<p>Precisaron que, \u201ca pesar de esto la empresa ha decidido despedir a 15 empleados de manera injusta, utilizando esta medida como represalia por ejercer sus derechos de protesta. Esta acci\u00f3n no solo es un ataque directo a los derechos Laborales, sino que adem\u00e1s busca intimidar y silenciar a los trabajadores que luchan por condiciones justas y dignas\u201d.<\/p>\n\n\n\n<p>Destacaron que \u201cla acusaci\u00f3n de que cientos de pasajeros, incluidos ni\u00f1os, embarazadas, ancianos y personas con capacidades reducidas, no pudieron descender de los aviones por casi tres horas, poniendo en riesgo su salud, es una manipulaci\u00f3n de la realidad\u201d.<\/p>\n\n\n\n<p>Apuntan que \u201cla asamblea se llev\u00f3 a cabo de manera pac\u00edfica y siguiendo todos los protocolos necesarios para asegurar la seguridad de todos los Involucrados, desde la colocaci\u00f3n de las escaleras y mangas en las aeronaves hasta la coordinaci\u00f3n del descenso de los pasajeros que fueron trasladados fuera del hall de Aeroparque\u201d.<\/p>\n\n\n\n<p>\u201cAdem\u00e1s \u2013dice el comunicado- hacemos responsable a la ministra Patricia Bullrich por la decisi\u00f3n que adopt\u00f3 al autorizar a la Polic\u00eda de Seguridad Aeroportuaria (PSA) a realizar el trabajo de los operarios de INTERCARGO\u201d.<\/p>\n\n\n\n<p>Y remarcan que \u201cesta decisi\u00f3n vulnera los procedimientos de seguridad operacional que establecen las normas internacionales, dado que dicho personal policial no est\u00e1 habilitado ni capacitado ni conocen el funcionamiento de los equipos para llevar a cabo las funciones espec\u00edficas necesarias\u201d.<\/p>\n\n\n\n<p>Sunrayan que \u201ces claro que la labor de las y los trabajadores de ITC representados por APA en la operatividad es un pilar central en la log\u00edstica del transporte a\u00e9reo internacional. Su trabajo asegura la eficiencia operativa de los vuelos, incluyendo la asistencia en el embarque y desembarque de pasajeros\u201d.<\/p>\n\n\n\n<p>\u201cEl manejo de equipaje, el remolque de aeronaves, los servicios de limpieza y deshielo (especialmente en invierno), el suministro de energ\u00eda el\u00e9ctrica y agua potable a las aeronaves, y la carga y descarga de mercanc\u00edas, incluyendo productos perecederos y\/o peligrosos\u201d, a\u00f1aden.<\/p>\n\n\n\n<p>Aseveran que \u201cesta actitud prepotente y provocadora por parte del gobierno deja en claro que ning\u00fan trabajador de INTERCARGO S.A se ver\u00e1 obligado a atender un vuelo con un personal policial (PSA) al lado. No somos delincuentes ni terroristas como pretenden presentarnos ante la sociedad, somos trabajadores en busca de mejorar las condiciones de trabajo y un salario justo que nos permita vivir con dignidad\u201d.<\/p>\n\n\n\n<p>\u201cPor lo cual, no nos hacemos responsables de las contingencias que pudieran suceder debido a esta decisi\u00f3n. Esto es una operaci\u00f3n medi\u00e1tica para quedarse con INTERCARGO, una empresa que no necesita el respaldo del Estado ya que es superavitaria, fue premiada internacionalmente por British Airways, en la calidad del servicio, factura en d\u00f3lares y est\u00e1 siendo llevada al vaciamiento y destrucci\u00f3n para entregarla a los amigos\u201d, acotaron.<\/p>\n\n\n\n<p>Finalizando reiteran su compromiso \u201ccon la defensa de los derechos laborales y la unidad de la clase trabajadora Seguiremos luchando con determinaci\u00f3n y fortaleza, porque sabemos que nuestra causa es noble y justa\u201d.<\/p>\n","protected":false},"excerpt":{"rendered":"<p>La Asociaci&oacute;n del Personal Aeron&aacute;utico (APA) denunci&oacute; en un comunicado que se ha tergiversado lo sucedido en Aeroparque y responsabiliz&oacute; al Gobierno por lo que pudiera suceder si se hace cargo de las operaciones el personal de las fuerzas de seguridad. En el documento destacan, entre otras cosas, que &ldquo;desde marzo de este a&ntilde;o hemos [&hellip;]<\/p>\n","protected":false},"author":2,"featured_media":9193,"comment_status":"open","ping_status":"open","sticky":false,"template":"","format":"standard","meta":{"footnotes":""},"categories":[978,5,176],"tags":[2190,4129],"class_list":["post-9192","post","type-post","status-publish","format-standard","has-post-thumbnail","hentry","category-gremiales","category-nacionales","category-politica","tag-comunicado","tag-intercargo"],"_links":{"self":[{"href":"https:\/\/partediario.com.ar\/index.php?rest_route=\/wp\/v2\/posts\/9192","targetHints":{"allow":["GET"]}}],"collection":[{"href":"https:\/\/partediario.com.ar\/index.php?rest_route=\/wp\/v2\/posts"}],"about":[{"href":"https:\/\/partediario.com.ar\/index.php?rest_route=\/wp\/v2\/types\/post"}],"author":[{"embeddable":true,"href":"https:\/\/partediario.com.ar\/index.php?rest_route=\/wp\/v2\/users\/2"}],"replies":[{"embeddable":true,"href":"https:\/\/partediario.com.ar\/index.php?rest_route=%2Fwp%2Fv2%2Fcomments&post=9192"}],"version-history":[{"count":1,"href":"https:\/\/partediario.com.ar\/index.php?rest_route=\/wp\/v2\/posts\/9192\/revisions"}],"predecessor-version":[{"id":9194,"href":"https:\/\/partediario.com.ar\/index.php?rest_route=\/wp\/v2\/posts\/9192\/revisions\/9194"}],"wp:featuredmedia":[{"embeddable":true,"href":"https:\/\/partediario.com.ar\/index.php?rest_route=\/wp\/v2\/media\/9193"}],"wp:attachment":[{"href":"https:\/\/partediario.com.ar\/index.php?rest_route=%2Fwp%2Fv2%2Fmedia&parent=9192"}],"wp:term":[{"taxonomy":"category","embeddable":true,"href":"https:\/\/partediario.com.ar\/index.php?rest_route=%2Fwp%2Fv2%2Fcategories&post=9192"},{"taxonomy":"post_tag","embeddable":true,"href":"https:\/\/partediario.com.ar\/index.php?rest_route=%2Fwp%2Fv2%2Ftags&post=9192"}],"curies":[{"name":"wp","href":"https:\/\/api.w.org\/{rel}","templated":true}]}}