{"id":9198,"date":"2024-11-09T11:56:22","date_gmt":"2024-11-09T14:56:22","guid":{"rendered":"https:\/\/partediario.com.ar\/?p=9198"},"modified":"2024-11-12T11:56:09","modified_gmt":"2024-11-12T14:56:09","slug":"lugones-mantuvo-una-reunion-con-autoridades-del-garrahan-y-le-presentaron-un-plan-para-optimizar-recursos","status":"publish","type":"post","link":"https:\/\/partediario.com.ar\/?p=9198","title":{"rendered":"Lugones mantuvo una reuni\u00f3n con autoridades del Garrahan, y le presentaron un plan para optimizar recursos"},"content":{"rendered":"\n<h3 class=\"wp-block-heading\">El ministro de Salud de la Naci\u00f3n, Mario Lugones, se reuni\u00f3 con los miembros del Consejo de Administraci\u00f3n del Hospital Garrahan, quienes le presentaron un plan para optimizar los recursos y mejorar la capacidad de la instituci\u00f3n para cobrar las prestaciones que brinda al sector privado, con el objetivo de mejorar los ingresos del personal m\u00e9dico asistencial.<\/h3>\n\n\n\n<p>En la reuni\u00f3n, la nueva administraci\u00f3n subray\u00f3 que se detect\u00f3 una falencia en el recupero de las prestaciones que brindaba el hospital a pacientes con cobertura.<\/p>\n\n\n\n<p>Este proceso se encuentra en revisi\u00f3n, lo que redundar\u00e1 en una mejor administraci\u00f3n y en la mejora de los ingresos genuinos de la instituci\u00f3n. En la misma direcci\u00f3n, se est\u00e1 revisando la estructura jer\u00e1rquica y los contratos por servicios tercerizados.<\/p>\n\n\n\n<p>Los lineamientos centrales del plan de acci\u00f3n que realizaron con el objetivo de sanearlo con procesos m\u00e1s eficientes en la asignaci\u00f3n de los recursos y en la implementaci\u00f3n de estrategias innovadoras.<\/p>\n\n\n\n<p>Algunos de los puntos centrales radican en mejorar y aumentar la facturaci\u00f3n, ofreciendo al mercado m\u00f3dulos para facturaci\u00f3n de pr\u00e1cticas de alta complejidad que se realizan en el hospital mediante un nomenclador propio y un r\u00e9gimen de retribuci\u00f3n por productividad.<\/p>\n\n\n\n<p>Tambi\u00e9n se busca optimizar los pliegos de licitaci\u00f3n, por lo que se est\u00e1n revisando y analizando contratos y adjudicaciones que vienen teniendo los mismos proveedores en los \u00faltimos 10 a\u00f1os. A su vez, se inici\u00f3 un monitoreo en \u00e1reas log\u00edsticas.<\/p>\n\n\n\n<p>Finalizando, la nueva administraci\u00f3n record\u00f3 que se ha tomado la decisi\u00f3n de no incorporar nuevos cargos y que contin\u00faa el proceso de adecuaci\u00f3n para establecer una estructura \u00f3ptima de la organizaci\u00f3n, donde haya funciones claras y sin superposiciones de puestos.<\/p>\n\n\n\n<p>Por parte de la cartera sanitaria nacional, fueron parte del encuentro la secretaria de Gesti\u00f3n Administrativa, Cecilia Loccisano; el jefe de Gabinete, Roberto Olivieri; el secretario de Salud, Alejandro Vilches; y el subsecretario de Institutos y Fiscalizaci\u00f3n, Enrique Rifourcat.<\/p>\n\n\n\n<p>Tambi\u00e9n participaron la presidenta del Consejo de Administraci\u00f3n del Hospital Garrahan, Soraya Anis El Kik; y los consejeros Roberto Agust\u00edn Dalmazzo y Jorge Menehem. Adem\u00e1s, estuvieron presentes la directora M\u00e9dica Ejecutiva del hospital, Mariel S\u00e1nchez; y el director M\u00e9dico Adjunto, Guillermo Moreno.<\/p>\n","protected":false},"excerpt":{"rendered":"<p>El ministro de Salud de la Naci&oacute;n, Mario Lugones, se reuni&oacute; con los miembros del Consejo de Administraci&oacute;n del Hospital Garrahan, quienes le presentaron un plan para optimizar los recursos y mejorar la capacidad de la instituci&oacute;n para cobrar las prestaciones que brinda al sector privado, con el objetivo de mejorar los ingresos del personal [&hellip;]<\/p>\n","protected":false},"author":2,"featured_media":9199,"comment_status":"open","ping_status":"open","sticky":false,"template":"","format":"standard","meta":{"footnotes":""},"categories":[5,176],"tags":[1418,597,3664,3473,373],"class_list":["post-9198","post","type-post","status-publish","format-standard","has-post-thumbnail","hentry","category-nacionales","category-politica","tag-administracion","tag-consejo","tag-hospital-garrahan","tag-mario-lugones","tag-reunion"],"_links":{"self":[{"href":"https:\/\/partediario.com.ar\/index.php?rest_route=\/wp\/v2\/posts\/9198","targetHints":{"allow":["GET"]}}],"collection":[{"href":"https:\/\/partediario.com.ar\/index.php?rest_route=\/wp\/v2\/posts"}],"about":[{"href":"https:\/\/partediario.com.ar\/index.php?rest_route=\/wp\/v2\/types\/post"}],"author":[{"embeddable":true,"href":"https:\/\/partediario.com.ar\/index.php?rest_route=\/wp\/v2\/users\/2"}],"replies":[{"embeddable":true,"href":"https:\/\/partediario.com.ar\/index.php?rest_route=%2Fwp%2Fv2%2Fcomments&post=9198"}],"version-history":[{"count":1,"href":"https:\/\/partediario.com.ar\/index.php?rest_route=\/wp\/v2\/posts\/9198\/revisions"}],"predecessor-version":[{"id":9200,"href":"https:\/\/partediario.com.ar\/index.php?rest_route=\/wp\/v2\/posts\/9198\/revisions\/9200"}],"wp:featuredmedia":[{"embeddable":true,"href":"https:\/\/partediario.com.ar\/index.php?rest_route=\/wp\/v2\/media\/9199"}],"wp:attachment":[{"href":"https:\/\/partediario.com.ar\/index.php?rest_route=%2Fwp%2Fv2%2Fmedia&parent=9198"}],"wp:term":[{"taxonomy":"category","embeddable":true,"href":"https:\/\/partediario.com.ar\/index.php?rest_route=%2Fwp%2Fv2%2Fcategories&post=9198"},{"taxonomy":"post_tag","embeddable":true,"href":"https:\/\/partediario.com.ar\/index.php?rest_route=%2Fwp%2Fv2%2Ftags&post=9198"}],"curies":[{"name":"wp","href":"https:\/\/api.w.org\/{rel}","templated":true}]}}