{"id":9204,"date":"2024-11-10T18:07:24","date_gmt":"2024-11-10T21:07:24","guid":{"rendered":"https:\/\/partediario.com.ar\/?p=9204"},"modified":"2024-11-12T11:55:59","modified_gmt":"2024-11-12T14:55:59","slug":"misiones-rescataron-a-una-adolescente-oriunda-santa-fe-que-habria-sido-vendida-para-que-contrajera-matrimonio","status":"publish","type":"post","link":"https:\/\/partediario.com.ar\/?p=9204","title":{"rendered":"Misiones: rescataron a una adolescente oriunda Santa Fe que habr\u00eda sido vendida para que contrajera matrimonio"},"content":{"rendered":"\n<h3 class=\"wp-block-heading\">La menor hab\u00eda desaparecido el 28 de octubre en la localidad de Santo Tom\u00e9, Santa Fe. La madre hab\u00eda denunciado la sustracci\u00f3n por una familia de gitanos.<\/h3>\n\n\n\n<p>Una menor de edad oriunda de Santa Fe fue secuestrada d\u00edas atr\u00e1s, su mam\u00e1 radic\u00f3 la denuncia y personal de Gendarmer\u00eda finalmente pudo rescatarla en la provincia de Misiones. Seg\u00fan se supo, la menor habr\u00eda sido vendida para que se casara con un integrante de la familia de los secuestradores.<\/p>\n\n\n\n<p>La menor hab\u00eda desaparecido el pasado 28 de octubre en la localidad de Santo Tom\u00e9 y de inmediato, su mam\u00e1 radic\u00f3 la denuncia, donde precis\u00f3 que \u201csu hija hab\u00eda sido sustra\u00edda por una familia de gitanos misionera\u201d, seg\u00fan informaron desde el Ministerio P\u00fablico de la Acusaci\u00f3n de Santa Fe.<\/p>\n\n\n\n<p>El caso se encuentra a cargo del fiscal Roberto Olcese y la fiscal Mar\u00eda Laura Urquiza, quienes ordenaron una serie de acciones. En ese contexto, personal de Gendarmer\u00eda Nacional, a trav\u00e9s de sus Unidades de Investigaciones de Delitos Complejos y Procedimientos Judiciales de Misiones y Santa Fe, trabaj\u00f3 de manera conjunta para localizar a la menor.<\/p>\n\n\n\n<p>A partir del dato de la madre, los investigadores se enfocaron en llamadas telef\u00f3nicas y trabajo de geolocalizaci\u00f3n. De esa forma, lograron dar con el paradero de la adolescente que se encontraba en la ciudad de Posadas, Misiones.<\/p>\n\n\n\n<p><\/p>\n\n\n\n<figure class=\"wp-block-image size-full\"><img loading=\"lazy\" decoding=\"async\" width=\"696\" height=\"392\" src=\"https:\/\/partediario.com.ar\/wp-content\/uploads\/7X726TSE4VDS3F6T7M6IVF7NJU.webp\" alt=\"\" class=\"wp-image-9205\" srcset=\"https:\/\/partediario.com.ar\/wp-content\/uploads\/7X726TSE4VDS3F6T7M6IVF7NJU.webp 696w, https:\/\/partediario.com.ar\/wp-content\/uploads\/7X726TSE4VDS3F6T7M6IVF7NJU-300x169.webp 300w\" sizes=\"auto, (max-width: 696px) 100vw, 696px\" \/><\/figure>\n\n\n\n<p><\/p>\n\n\n\n<p>Los fiscales de la causa destacaron que se ordenaron numerosas intervenciones telef\u00f3nicas y durante seis d\u00edas realizaron las escuchas. A partir de all\u00ed \u201cse registraron conversaciones en un idioma gitano\u201d y \u201ctrabajamos con las antenas en las que pod\u00edamos geolocalizar a la menor de edad y a la familia sospechada de haberla llevado\u201d.<\/p>\n\n\n\n<p><\/p>\n\n\n\n<figure class=\"wp-block-image size-full\"><img loading=\"lazy\" decoding=\"async\" width=\"678\" height=\"441\" src=\"https:\/\/partediario.com.ar\/wp-content\/uploads\/scrnli_wFGGUPurk30TQK.png\" alt=\"\" class=\"wp-image-9206\" srcset=\"https:\/\/partediario.com.ar\/wp-content\/uploads\/scrnli_wFGGUPurk30TQK.png 678w, https:\/\/partediario.com.ar\/wp-content\/uploads\/scrnli_wFGGUPurk30TQK-300x195.png 300w\" sizes=\"auto, (max-width: 678px) 100vw, 678px\" \/><\/figure>\n\n\n\n<p><\/p>\n\n\n\n<p>Con los datos recolectados, el Ministerio P\u00fablico Fiscal orden\u00f3 que personal de Trata de la polic\u00eda de Santa Fe se traslade hacia Misiones y junto con Gendarmer\u00eda encontraron a la menor junto con la familia acusada.<\/p>\n\n\n\n<p>Gendarmer\u00eda Nacional confirm\u00f3 que tras identificar a los integrantes de la familia, se verific\u00f3 que son \u201cpersonas pertenecientes a un mismo grupo familiar quienes habr\u00edan abonado una suma de dinero por ella con el fin de que contrajera matrimonio con uno de sus integrantes\u201d. Por tal motivo, quedaron implicados en una causa por presunta trata de personas (Ley 26.364).<\/p>\n","protected":false},"excerpt":{"rendered":"<p>La menor hab&iacute;a desaparecido el 28 de octubre en la localidad de Santo Tom&eacute;, Santa Fe. La madre hab&iacute;a denunciado la sustracci&oacute;n por una familia de gitanos. Una menor de edad oriunda de Santa Fe fue secuestrada d&iacute;as atr&aacute;s, su mam&aacute; radic&oacute; la denuncia y personal de Gendarmer&iacute;a finalmente pudo rescatarla en la provincia de [&hellip;]<\/p>\n","protected":false},"author":2,"featured_media":9207,"comment_status":"open","ping_status":"open","sticky":false,"template":"","format":"standard","meta":{"footnotes":""},"categories":[979,7,8],"tags":[4165,4163,2254,614,1456,264,1491],"class_list":["post-9204","post","type-post","status-publish","format-standard","has-post-thumbnail","hentry","category-judiciales","category-policiales","category-provinciales","tag-casamiento","tag-gitamos","tag-menor","tag-misiones","tag-posadas","tag-santa-fe","tag-secuestro"],"_links":{"self":[{"href":"https:\/\/partediario.com.ar\/index.php?rest_route=\/wp\/v2\/posts\/9204","targetHints":{"allow":["GET"]}}],"collection":[{"href":"https:\/\/partediario.com.ar\/index.php?rest_route=\/wp\/v2\/posts"}],"about":[{"href":"https:\/\/partediario.com.ar\/index.php?rest_route=\/wp\/v2\/types\/post"}],"author":[{"embeddable":true,"href":"https:\/\/partediario.com.ar\/index.php?rest_route=\/wp\/v2\/users\/2"}],"replies":[{"embeddable":true,"href":"https:\/\/partediario.com.ar\/index.php?rest_route=%2Fwp%2Fv2%2Fcomments&post=9204"}],"version-history":[{"count":1,"href":"https:\/\/partediario.com.ar\/index.php?rest_route=\/wp\/v2\/posts\/9204\/revisions"}],"predecessor-version":[{"id":9208,"href":"https:\/\/partediario.com.ar\/index.php?rest_route=\/wp\/v2\/posts\/9204\/revisions\/9208"}],"wp:featuredmedia":[{"embeddable":true,"href":"https:\/\/partediario.com.ar\/index.php?rest_route=\/wp\/v2\/media\/9207"}],"wp:attachment":[{"href":"https:\/\/partediario.com.ar\/index.php?rest_route=%2Fwp%2Fv2%2Fmedia&parent=9204"}],"wp:term":[{"taxonomy":"category","embeddable":true,"href":"https:\/\/partediario.com.ar\/index.php?rest_route=%2Fwp%2Fv2%2Fcategories&post=9204"},{"taxonomy":"post_tag","embeddable":true,"href":"https:\/\/partediario.com.ar\/index.php?rest_route=%2Fwp%2Fv2%2Ftags&post=9204"}],"curies":[{"name":"wp","href":"https:\/\/api.w.org\/{rel}","templated":true}]}}