{"id":9209,"date":"2024-11-10T18:14:02","date_gmt":"2024-11-10T21:14:02","guid":{"rendered":"https:\/\/partediario.com.ar\/?p=9209"},"modified":"2024-11-12T11:55:55","modified_gmt":"2024-11-12T14:55:55","slug":"entre-rios-frigerio-impulsa-la-inversion-en-entre-rios-y-se-adhiere-al-rigi","status":"publish","type":"post","link":"https:\/\/partediario.com.ar\/?p=9209","title":{"rendered":"Entre R\u00edos: Frigerio impulsa la inversi\u00f3n en Entre R\u00edos y se adhiere al RIGI"},"content":{"rendered":"\n<h3 class=\"wp-block-heading\">En sinton\u00eda con la pol\u00edtica nacional de incentivo a las inversiones del gobierno de Javier Milei, el gobernador de Entre R\u00edos, Rogelio Frigerio, logr\u00f3 esta semana un hito legislativo: la aprobaci\u00f3n de la adhesi\u00f3n al R\u00e9gimen de Incentivo a las Grandes Inversiones (RIGI) en la provincia.<\/h3>\n\n\n\n<p>Esta medida, adem\u00e1s, viene acompa\u00f1ada de un r\u00e9gimen especial de incentivo para las peque\u00f1as y medianas empresas (pymes) locales, el R\u00e9gimen de Incentivo a las Nuevas Inversiones (RINI), que apunta a impulsar sectores estrat\u00e9gicos como la infraestructura, el turismo y la industria forestal.<\/p>\n\n\n\n<p>La reciente aprobaci\u00f3n en la Legislatura de estos reg\u00edmenes de incentivo coloca a Entre R\u00edos en un momento clave de su desarrollo econ\u00f3mico. La administraci\u00f3n de Frigerio busca equilibrar la atracci\u00f3n de grandes capitales con el apoyo a los peque\u00f1os y medianos emprendedores, generando un entorno en el que el crecimiento sea sostenible y competitivo.<\/p>\n\n\n\n<p><strong>La votaci\u00f3n en la legislatura entrerriana<\/strong><\/p>\n\n\n\n<p>El proyecto de adhesi\u00f3n al RIGI se enfrent\u00f3 a resistencia en la C\u00e1mara de Senadores, donde los legisladores peronistas mostraron reparos, especialmente en lo que respecta a la autonom\u00eda provincial y a los posibles impactos ambientales de los proyectos a gran escala.<\/p>\n\n\n\n<p>La aprobaci\u00f3n fue posible gracias al voto de desempate de la vicegobernadora radical Alicia Aluani, quien asegur\u00f3 que el r\u00e9gimen generar\u00e1 las condiciones necesarias para dinamizar la econom\u00eda local.<\/p>\n\n\n\n<p>Desde el bloque oficialista, los senadores Rub\u00e9n Dal Mol\u00edn y Jaime Bendetti defendieron la adhesi\u00f3n al RIGI argumentando que otros distritos ya han aprobado el r\u00e9gimen y destacaron la necesidad de Entre R\u00edos de no quedar rezagada en el mapa de grandes inversiones.<\/p>\n\n\n\n<p>\u201cNecesitamos inversiones y sabemos que la incertidumbre es un componente a considerar en cualquier an\u00e1lisis de inversi\u00f3n\u201d, expres\u00f3 Dal Mol\u00edn. A su vez, se\u00f1al\u00f3 que la provincia se enfrenta a un cambio de \u00e9poca, en el que la tecnolog\u00eda y la innovaci\u00f3n juegan un rol crucial en el desarrollo econ\u00f3mico.<\/p>\n\n\n\n<p>Por su parte, el senador V\u00edctor Sanzberro, del bloque opositor, cuestion\u00f3 el proyecto, argumentando que el RIGI beneficia a \u201cun pu\u00f1ado de grandes jugadores\u201d a costa de recursos naturales y derechos colectivos de la provincia.<\/p>\n\n\n\n<p>\u201cEl dominio originario de los recursos naturales es de Entre R\u00edos\u201d, advirti\u00f3 Sanzberro, subrayando que el RIGI podr\u00eda menoscabar la soberan\u00eda provincial en temas ambientales y de gesti\u00f3n de recursos.<\/p>\n\n\n\n<p><strong>Un r\u00e9gimen local de incentivo para pymes entrerrianas<\/strong><\/p>\n\n\n\n<p>A pesar de las diferencias, Frigerio logr\u00f3 implementar el RINI, un modelo de apoyo a las pymes locales que se construy\u00f3 sobre las bases de la ley de promoci\u00f3n industrial que hab\u00eda impulsado el anterior gobernador Gustavo Bordet.<\/p>\n\n\n\n<p>Este nuevo r\u00e9gimen busca fortalecer a las empresas de menor tama\u00f1o y favorecer su competitividad mediante incentivos fiscales y apoyo en infraestructura.<\/p>\n\n\n\n<p>El Consejo Empresario de Entre R\u00edos expres\u00f3 su \u201cfirme respaldo\u201d tanto al RINI como al RIGI, reconociendo que ambos reg\u00edmenes brindan herramientas para potenciar el crecimiento econ\u00f3mico de la provincia. En una carta dirigida al gobernador, la entidad valor\u00f3 el esfuerzo de Frigerio por crear un entorno atractivo para las inversiones.<\/p>\n\n\n\n<p>\u201cCreemos que estos reg\u00edmenes representan una apuesta significativa por la modernizaci\u00f3n de nuestra econom\u00eda y mejorar\u00e1n la competitividad de las empresas locales\u201d, aseguraron desde el Consejo.<\/p>\n\n\n\n<p>Adem\u00e1s, desde la entidad destacaron que el RINI facilitar\u00e1 la creaci\u00f3n de nuevos empleos y dinamizar\u00e1 la econom\u00eda provincial, al tiempo que el RIGI abrir\u00e1 oportunidades para que grandes inversiones consideren a Entre R\u00edos como un destino viable dentro del mapa nacional.<\/p>\n","protected":false},"excerpt":{"rendered":"<p>En sinton&iacute;a con la pol&iacute;tica nacional de incentivo a las inversiones del gobierno de Javier Milei, el gobernador de Entre R&iacute;os, Rogelio Frigerio, logr&oacute; esta semana un hito legislativo: la aprobaci&oacute;n de la adhesi&oacute;n al R&eacute;gimen de Incentivo a las Grandes Inversiones (RIGI) en la provincia. Esta medida, adem&aacute;s, viene acompa&ntilde;ada de un r&eacute;gimen especial [&hellip;]<\/p>\n","protected":false},"author":2,"featured_media":9210,"comment_status":"open","ping_status":"open","sticky":false,"template":"","format":"standard","meta":{"footnotes":""},"categories":[8],"tags":[257,516,4166,245],"class_list":["post-9209","post","type-post","status-publish","format-standard","has-post-thumbnail","hentry","category-provinciales","tag-entre-rios","tag-rigi","tag-rini","tag-rogelio-frigerio"],"_links":{"self":[{"href":"https:\/\/partediario.com.ar\/index.php?rest_route=\/wp\/v2\/posts\/9209","targetHints":{"allow":["GET"]}}],"collection":[{"href":"https:\/\/partediario.com.ar\/index.php?rest_route=\/wp\/v2\/posts"}],"about":[{"href":"https:\/\/partediario.com.ar\/index.php?rest_route=\/wp\/v2\/types\/post"}],"author":[{"embeddable":true,"href":"https:\/\/partediario.com.ar\/index.php?rest_route=\/wp\/v2\/users\/2"}],"replies":[{"embeddable":true,"href":"https:\/\/partediario.com.ar\/index.php?rest_route=%2Fwp%2Fv2%2Fcomments&post=9209"}],"version-history":[{"count":1,"href":"https:\/\/partediario.com.ar\/index.php?rest_route=\/wp\/v2\/posts\/9209\/revisions"}],"predecessor-version":[{"id":9211,"href":"https:\/\/partediario.com.ar\/index.php?rest_route=\/wp\/v2\/posts\/9209\/revisions\/9211"}],"wp:featuredmedia":[{"embeddable":true,"href":"https:\/\/partediario.com.ar\/index.php?rest_route=\/wp\/v2\/media\/9210"}],"wp:attachment":[{"href":"https:\/\/partediario.com.ar\/index.php?rest_route=%2Fwp%2Fv2%2Fmedia&parent=9209"}],"wp:term":[{"taxonomy":"category","embeddable":true,"href":"https:\/\/partediario.com.ar\/index.php?rest_route=%2Fwp%2Fv2%2Fcategories&post=9209"},{"taxonomy":"post_tag","embeddable":true,"href":"https:\/\/partediario.com.ar\/index.php?rest_route=%2Fwp%2Fv2%2Ftags&post=9209"}],"curies":[{"name":"wp","href":"https:\/\/api.w.org\/{rel}","templated":true}]}}