{"id":9221,"date":"2024-11-11T12:02:16","date_gmt":"2024-11-11T15:02:16","guid":{"rendered":"https:\/\/partediario.com.ar\/?p=9221"},"modified":"2024-11-12T11:55:32","modified_gmt":"2024-11-12T14:55:32","slug":"meloni-confirmo-que-viajara-a-buenos-aires-para-reunirse-con-milei","status":"publish","type":"post","link":"https:\/\/partediario.com.ar\/?p=9221","title":{"rendered":"Meloni confirm\u00f3 que viajar\u00e1 a Buenos Aires para reunirse con Milei"},"content":{"rendered":"\n<h3 class=\"wp-block-heading\">La primera ministra de Italia, Giorgia Meloni, confirm\u00f3 que viajar\u00e1 a la Argentina para mantener un encuentro con el presidente Javier Milei.<\/h3>\n\n\n\n<p>Seg\u00fan consta en la agenda publicada en el sitio oficial del Gobierno italiano, la visita oficial de la funcionaria se producir\u00e1 el pr\u00f3ximo mi\u00e9rcoles 20 de noviembre.<\/p>\n\n\n\n<p>Noticia En Desarrollo\u2026<\/p>\n","protected":false},"excerpt":{"rendered":"<p>La primera ministra de Italia, Giorgia Meloni, confirm&oacute; que viajar&aacute; a la Argentina para mantener un encuentro con el presidente Javier Milei. Seg&uacute;n consta en la agenda publicada en el sitio oficial del Gobierno italiano, la visita oficial de la funcionaria se producir&aacute; el pr&oacute;ximo mi&eacute;rcoles 20 de noviembre. Noticia En Desarrollo&hellip;<\/p>\n","protected":false},"author":2,"featured_media":9222,"comment_status":"open","ping_status":"open","sticky":false,"template":"","format":"standard","meta":{"footnotes":""},"categories":[5,176],"tags":[721,337,232],"class_list":["post-9221","post","type-post","status-publish","format-standard","has-post-thumbnail","hentry","category-nacionales","category-politica","tag-buenos-aires","tag-giorgia-meloni","tag-javier-milei"],"_links":{"self":[{"href":"https:\/\/partediario.com.ar\/index.php?rest_route=\/wp\/v2\/posts\/9221","targetHints":{"allow":["GET"]}}],"collection":[{"href":"https:\/\/partediario.com.ar\/index.php?rest_route=\/wp\/v2\/posts"}],"about":[{"href":"https:\/\/partediario.com.ar\/index.php?rest_route=\/wp\/v2\/types\/post"}],"author":[{"embeddable":true,"href":"https:\/\/partediario.com.ar\/index.php?rest_route=\/wp\/v2\/users\/2"}],"replies":[{"embeddable":true,"href":"https:\/\/partediario.com.ar\/index.php?rest_route=%2Fwp%2Fv2%2Fcomments&post=9221"}],"version-history":[{"count":1,"href":"https:\/\/partediario.com.ar\/index.php?rest_route=\/wp\/v2\/posts\/9221\/revisions"}],"predecessor-version":[{"id":9223,"href":"https:\/\/partediario.com.ar\/index.php?rest_route=\/wp\/v2\/posts\/9221\/revisions\/9223"}],"wp:featuredmedia":[{"embeddable":true,"href":"https:\/\/partediario.com.ar\/index.php?rest_route=\/wp\/v2\/media\/9222"}],"wp:attachment":[{"href":"https:\/\/partediario.com.ar\/index.php?rest_route=%2Fwp%2Fv2%2Fmedia&parent=9221"}],"wp:term":[{"taxonomy":"category","embeddable":true,"href":"https:\/\/partediario.com.ar\/index.php?rest_route=%2Fwp%2Fv2%2Fcategories&post=9221"},{"taxonomy":"post_tag","embeddable":true,"href":"https:\/\/partediario.com.ar\/index.php?rest_route=%2Fwp%2Fv2%2Ftags&post=9221"}],"curies":[{"name":"wp","href":"https:\/\/api.w.org\/{rel}","templated":true}]}}