{"id":9227,"date":"2024-11-11T18:40:54","date_gmt":"2024-11-11T21:40:54","guid":{"rendered":"https:\/\/partediario.com.ar\/?p=9227"},"modified":"2024-11-11T18:40:55","modified_gmt":"2024-11-11T21:40:55","slug":"en-horas-de-la-madrugada-se-incendio-un-galpon-en-parana","status":"publish","type":"post","link":"https:\/\/partediario.com.ar\/?p=9227","title":{"rendered":"En horas de la madrugada se incendio un galp\u00f3n en Paran\u00e1"},"content":{"rendered":"\n<h3 class=\"wp-block-heading\">Bomberos Zapadores y Voluntarios intervinieron en calle 25 de Junio y Juramento tras declararse un incendio en un galp\u00f3n.<\/h3>\n\n\n\n<p>Las dotaciones de bomberos trabajaron arduamente para sofocar el incendio que se declar\u00f3 en un galp\u00f3n detr\u00e1s de una vivienda que, afortunadamente por el trabajo del personal de Bomberos, pudo ser controlado y posteriormente sofocado.<\/p>\n\n\n\n<p><\/p>\n\n\n\n<figure class=\"wp-block-image size-large\"><img loading=\"lazy\" decoding=\"async\" width=\"1024\" height=\"681\" src=\"https:\/\/partediario.com.ar\/wp-content\/uploads\/o_1731321253-1024x681.jpg\" alt=\"\" class=\"wp-image-9228\" srcset=\"https:\/\/partediario.com.ar\/wp-content\/uploads\/o_1731321253-1024x681.jpg 1024w, https:\/\/partediario.com.ar\/wp-content\/uploads\/o_1731321253-300x200.jpg 300w, https:\/\/partediario.com.ar\/wp-content\/uploads\/o_1731321253-768x511.jpg 768w, https:\/\/partediario.com.ar\/wp-content\/uploads\/o_1731321253.jpg 1275w\" sizes=\"auto, (max-width: 1024px) 100vw, 1024px\" \/><\/figure>\n\n\n\n<p><\/p>\n\n\n\n<p>Afortunadamente no hubo lesionados, sin embargo la destrucci\u00f3n del lugar en la parte afectada fue destacada. El incendio habr\u00eda comenzado alrededor de las 6:30 horas y fue controlado horas despu\u00e9s.<\/p>\n","protected":false},"excerpt":{"rendered":"<p>Bomberos Zapadores y Voluntarios intervinieron en calle 25 de Junio y Juramento tras declararse un incendio en un galp&oacute;n. Las dotaciones de bomberos trabajaron arduamente para sofocar el incendio que se declar&oacute; en un galp&oacute;n detr&aacute;s de una vivienda que, afortunadamente por el trabajo del personal de Bomberos, pudo ser controlado y posteriormente sofocado. Afortunadamente [&hellip;]<\/p>\n","protected":false},"author":2,"featured_media":9229,"comment_status":"open","ping_status":"open","sticky":false,"template":"","format":"standard","meta":{"footnotes":""},"categories":[6,7],"tags":[460,4169,456,265,4171,461],"class_list":["post-9227","post","type-post","status-publish","format-standard","has-post-thumbnail","hentry","category-locales","category-policiales","tag-bomberos","tag-galpon","tag-incendio","tag-parana","tag-voluntarios","tag-zapadores"],"_links":{"self":[{"href":"https:\/\/partediario.com.ar\/index.php?rest_route=\/wp\/v2\/posts\/9227","targetHints":{"allow":["GET"]}}],"collection":[{"href":"https:\/\/partediario.com.ar\/index.php?rest_route=\/wp\/v2\/posts"}],"about":[{"href":"https:\/\/partediario.com.ar\/index.php?rest_route=\/wp\/v2\/types\/post"}],"author":[{"embeddable":true,"href":"https:\/\/partediario.com.ar\/index.php?rest_route=\/wp\/v2\/users\/2"}],"replies":[{"embeddable":true,"href":"https:\/\/partediario.com.ar\/index.php?rest_route=%2Fwp%2Fv2%2Fcomments&post=9227"}],"version-history":[{"count":1,"href":"https:\/\/partediario.com.ar\/index.php?rest_route=\/wp\/v2\/posts\/9227\/revisions"}],"predecessor-version":[{"id":9230,"href":"https:\/\/partediario.com.ar\/index.php?rest_route=\/wp\/v2\/posts\/9227\/revisions\/9230"}],"wp:featuredmedia":[{"embeddable":true,"href":"https:\/\/partediario.com.ar\/index.php?rest_route=\/wp\/v2\/media\/9229"}],"wp:attachment":[{"href":"https:\/\/partediario.com.ar\/index.php?rest_route=%2Fwp%2Fv2%2Fmedia&parent=9227"}],"wp:term":[{"taxonomy":"category","embeddable":true,"href":"https:\/\/partediario.com.ar\/index.php?rest_route=%2Fwp%2Fv2%2Fcategories&post=9227"},{"taxonomy":"post_tag","embeddable":true,"href":"https:\/\/partediario.com.ar\/index.php?rest_route=%2Fwp%2Fv2%2Ftags&post=9227"}],"curies":[{"name":"wp","href":"https:\/\/api.w.org\/{rel}","templated":true}]}}