{"id":9251,"date":"2024-11-12T11:39:30","date_gmt":"2024-11-12T14:39:30","guid":{"rendered":"https:\/\/partediario.com.ar\/?p=9251"},"modified":"2024-11-13T11:31:10","modified_gmt":"2024-11-13T14:31:10","slug":"cristina-kirchner-mantendra-una-reunion-con-pignanelli-en-smata-a-un-dia-de-darse-a-conocer-el-fallo-de-casacion-por-la-causa-vialidad","status":"publish","type":"post","link":"https:\/\/partediario.com.ar\/?p=9251","title":{"rendered":"Cristina Kirchner mantendr\u00e1 una reuni\u00f3n con Pignanelli en SMATA, a un d\u00eda de darse a conocer el fallo de Casaci\u00f3n por la causa \u2018Vialidad\u2019"},"content":{"rendered":"\n<h3 class=\"wp-block-heading\">La titular del Partido Justicialista (PJ), Cristina Kirchner, se mostrar\u00e1 hoy en la sede del Sindicato de Mec\u00e1nicos y Afines del Transporte Automotor (SMATA) y ser\u00e1 recibida por el secretario general, Ricardo Pignanelli, quien integr\u00f3 la lista de la ex mandataria en las internas del espacio.<\/h3>\n\n\n\n<p>El encuentro ser\u00e1 las 11.30, previo al fallo de la C\u00e1mara de Casaci\u00f3n por la causa Vialidad en la que se la investiga.<\/p>\n\n\n\n<p>Cabe se\u00f1alar que este mi\u00e9rcoles, anunciar\u00e1n si confirman la condena por seis a\u00f1os de prisi\u00f3n e inhabilitaci\u00f3n perpetua para ejercer cargos p\u00fablicos de la ex presidenta, a ra\u00edz del caso de defraudaci\u00f3n a la administraci\u00f3n P\u00fablica por la adjudicaci\u00f3n de obras viales al empresario L\u00e1zaro B\u00e1ez durante sus mandatos.<\/p>\n\n\n\n<p>Ante esta situaci\u00f3n, la exvicepresidenta reaparecer\u00e1 en escena al protagonizar una reuni\u00f3n de trabajo, que ser\u00e1 cerrada, en la sede ubicada en Avenida Belgrano al 665, junto a los dirigentes del espacio que integran la lista Primero la Patria, que la coron\u00f3 como presidenta del partido.<\/p>\n\n\n\n<p>D\u00edas atr\u00e1s, Pignanelli hab\u00eda apuntado contra el gobernador de la provincia de Buenos Aires, Axel Kicillof, por la falta de apoyo concreto a Cristina Kirchner durante la interna con Ricardo Quintela, y asever\u00f3 que \u201cle falt\u00f3 decir algo m\u00e1s\u201d.<\/p>\n\n\n\n<p>Adem\u00e1s destaco, que la persona que deb\u00eda presidir el PJ es la ex mandataria porque el espacio, actualmente, est\u00e1 \u201cvac\u00edo de contenido\u201d y si contin\u00faan en ese camino \u201ccorren el mismo peligro de terminar como los radicales\u201d.<\/p>\n\n\n\n<p>Asimismo, manifest\u00f3 que, con esta nueva dirigencia, \u201cvan a poner en marcha el PJ\u201d, no s\u00f3lo en las pr\u00f3ximas elecciones legislativas del a\u00f1o pr\u00f3ximo, sino \u201cen el futuro del pa\u00eds\u201d porque se necesitan espacios pol\u00edticos \u201cque representen a la gente\u201d para que \u201cno gane la antipol\u00edtica\u201d.<\/p>\n\n\n\n<p>Por su parte, Fern\u00e1ndez de Kirchner, tras ser proclamada titular del partido, cumple una agenda cargada de actividades: en las \u00faltimas semanas se reuni\u00f3 con empresarios Pyme en Avellaneda y fue recibida en una planta de reciclaje en Lomas de Zamora, donde trabajan 200 cartoneros en cooperativas populares.<\/p>\n\n\n\n<p>En el Punto Eco de Villa Fiorito, la ex jefa de Estado se entrevist\u00f3 con la diputada nacional de Uni\u00f3n por la Patria y referente del Frente Patria Grande, Natalia Zaracho, quien es conocida como la primera cartonera que asumi\u00f3 una banca en el Congreso Nacional.<\/p>\n\n\n\n<p>Durante la recorrida estuvo presente Juan Grabois, quien hab\u00eda visitado en La Plata al gobernador bonaerense, Axel Kicillof, junto al resto de la c\u00fapula de su organizaci\u00f3n pol\u00edtica.<\/p>\n","protected":false},"excerpt":{"rendered":"<p>La titular del Partido Justicialista (PJ), Cristina Kirchner, se mostrar&aacute; hoy en la sede del Sindicato de Mec&aacute;nicos y Afines del Transporte Automotor (SMATA) y ser&aacute; recibida por el secretario general, Ricardo Pignanelli, quien integr&oacute; la lista de la ex mandataria en las internas del espacio. El encuentro ser&aacute; las 11.30, previo al fallo de [&hellip;]<\/p>\n","protected":false},"author":2,"featured_media":9106,"comment_status":"open","ping_status":"open","sticky":false,"template":"","format":"standard","meta":{"footnotes":""},"categories":[979,5,176],"tags":[3537,373,4183,3878],"class_list":["post-9251","post","type-post","status-publish","format-standard","has-post-thumbnail","hentry","category-judiciales","category-nacionales","category-politica","tag-cristina-kichner","tag-reunion","tag-ricardo-pignanelli","tag-smata"],"_links":{"self":[{"href":"https:\/\/partediario.com.ar\/index.php?rest_route=\/wp\/v2\/posts\/9251","targetHints":{"allow":["GET"]}}],"collection":[{"href":"https:\/\/partediario.com.ar\/index.php?rest_route=\/wp\/v2\/posts"}],"about":[{"href":"https:\/\/partediario.com.ar\/index.php?rest_route=\/wp\/v2\/types\/post"}],"author":[{"embeddable":true,"href":"https:\/\/partediario.com.ar\/index.php?rest_route=\/wp\/v2\/users\/2"}],"replies":[{"embeddable":true,"href":"https:\/\/partediario.com.ar\/index.php?rest_route=%2Fwp%2Fv2%2Fcomments&post=9251"}],"version-history":[{"count":1,"href":"https:\/\/partediario.com.ar\/index.php?rest_route=\/wp\/v2\/posts\/9251\/revisions"}],"predecessor-version":[{"id":9252,"href":"https:\/\/partediario.com.ar\/index.php?rest_route=\/wp\/v2\/posts\/9251\/revisions\/9252"}],"wp:featuredmedia":[{"embeddable":true,"href":"https:\/\/partediario.com.ar\/index.php?rest_route=\/wp\/v2\/media\/9106"}],"wp:attachment":[{"href":"https:\/\/partediario.com.ar\/index.php?rest_route=%2Fwp%2Fv2%2Fmedia&parent=9251"}],"wp:term":[{"taxonomy":"category","embeddable":true,"href":"https:\/\/partediario.com.ar\/index.php?rest_route=%2Fwp%2Fv2%2Fcategories&post=9251"},{"taxonomy":"post_tag","embeddable":true,"href":"https:\/\/partediario.com.ar\/index.php?rest_route=%2Fwp%2Fv2%2Ftags&post=9251"}],"curies":[{"name":"wp","href":"https:\/\/api.w.org\/{rel}","templated":true}]}}