{"id":9254,"date":"2024-11-12T11:43:36","date_gmt":"2024-11-12T14:43:36","guid":{"rendered":"https:\/\/partediario.com.ar\/?p=9254"},"modified":"2024-11-13T11:31:06","modified_gmt":"2024-11-13T14:31:06","slug":"un-turista-murio-en-el-cerro-champaqui-cordoba-mientras-hacia-senderismo","status":"publish","type":"post","link":"https:\/\/partediario.com.ar\/?p=9254","title":{"rendered":"Un turista muri\u00f3 en el cerro Champaqu\u00ed, C\u00f3rdoba mientras hac\u00eda senderismo"},"content":{"rendered":"\n<h3 class=\"wp-block-heading\">Un turista oriundo de Necochea falleci\u00f3 mientras hac\u00eda senderismo en el cerro Champaqu\u00ed, en C\u00f3rdoba, y las autoridades creen que muri\u00f3 de manera natural tras descompensarse.<\/h3>\n\n\n\n<p>El hecho sucedi\u00f3 en las \u00faltimas horas mientras el hombre, de 69 a\u00f1os, realizaba la habitual excursi\u00f3n en el cerro m\u00e1s alto de la provincia junto con su pareja.<\/p>\n\n\n\n<p>De un momento a otro comenz\u00f3 a sentirse mal y se desvaneci\u00f3, por lo que dieron aviso al servicio de emergencias. A pesar de ser atendido y trasladado al Hospital Villa Dolores, los m\u00e9dicos no lograron estabilizarlo.<\/p>\n\n\n\n<p>\u201cLa descompostura habr\u00eda ocurrido cuando se encontraba en el paraje Los Molles haciendo senderismo\u00bb, destacaron desde la Polic\u00eda Departamental de Villa Dolores.<\/p>\n\n\n\n<p>Anunciaron que se abri\u00f3 una investigaci\u00f3n para determinar las causas exactas de su deceso. Como ocurri\u00f3 en casos similares, la Justicia realiza las diligencias para esclarecer la muerte del turista.<\/p>\n\n\n\n<p>El cerro Champaqu\u00ed<\/p>\n\n\n\n<p>La p\u00e1gina oficial indica que cada a\u00f1o, \u201cmiles de personas llegan a las sierras en busca de alcanzar el techo de C\u00f3rdoba\u201d.<\/p>\n\n\n\n<p>Su cumbre alcanza los 2.790 metros de altura y es la m\u00e1s alta de la provincia: \u201cDurante el camino es posible visualizar flora nativa, como los \u00e1rboles de Tabaquillo y Mayt\u00e9n, adem\u00e1s de arroyos pr\u00edstinos, formaciones gran\u00edticas y extensos valles\u201d.<\/p>\n\n\n\n<p>\u201cSi bien es posible encarar el ascenso de forma particular, lo recomendable, ante la falta de experiencia en trekking, es contratar un gu\u00eda habilitado por Turismo de C\u00f3rdoba y formando parte de un grupo de expedicionarios\u201d, detallaron.<\/p>\n","protected":false},"excerpt":{"rendered":"<p>Un turista oriundo de Necochea falleci&oacute; mientras hac&iacute;a senderismo en el cerro Champaqu&iacute;, en C&oacute;rdoba, y las autoridades creen que muri&oacute; de manera natural tras descompensarse. El hecho sucedi&oacute; en las &uacute;ltimas horas mientras el hombre, de 69 a&ntilde;os, realizaba la habitual excursi&oacute;n en el cerro m&aacute;s alto de la provincia junto con su pareja. [&hellip;]<\/p>\n","protected":false},"author":2,"featured_media":9255,"comment_status":"open","ping_status":"open","sticky":false,"template":"","format":"standard","meta":{"footnotes":""},"categories":[7,8],"tags":[4184,303,484,4185],"class_list":["post-9254","post","type-post","status-publish","format-standard","has-post-thumbnail","hentry","category-policiales","category-provinciales","tag-cerro-champaqui","tag-cordoba","tag-fallecido","tag-turista"],"_links":{"self":[{"href":"https:\/\/partediario.com.ar\/index.php?rest_route=\/wp\/v2\/posts\/9254","targetHints":{"allow":["GET"]}}],"collection":[{"href":"https:\/\/partediario.com.ar\/index.php?rest_route=\/wp\/v2\/posts"}],"about":[{"href":"https:\/\/partediario.com.ar\/index.php?rest_route=\/wp\/v2\/types\/post"}],"author":[{"embeddable":true,"href":"https:\/\/partediario.com.ar\/index.php?rest_route=\/wp\/v2\/users\/2"}],"replies":[{"embeddable":true,"href":"https:\/\/partediario.com.ar\/index.php?rest_route=%2Fwp%2Fv2%2Fcomments&post=9254"}],"version-history":[{"count":1,"href":"https:\/\/partediario.com.ar\/index.php?rest_route=\/wp\/v2\/posts\/9254\/revisions"}],"predecessor-version":[{"id":9256,"href":"https:\/\/partediario.com.ar\/index.php?rest_route=\/wp\/v2\/posts\/9254\/revisions\/9256"}],"wp:featuredmedia":[{"embeddable":true,"href":"https:\/\/partediario.com.ar\/index.php?rest_route=\/wp\/v2\/media\/9255"}],"wp:attachment":[{"href":"https:\/\/partediario.com.ar\/index.php?rest_route=%2Fwp%2Fv2%2Fmedia&parent=9254"}],"wp:term":[{"taxonomy":"category","embeddable":true,"href":"https:\/\/partediario.com.ar\/index.php?rest_route=%2Fwp%2Fv2%2Fcategories&post=9254"},{"taxonomy":"post_tag","embeddable":true,"href":"https:\/\/partediario.com.ar\/index.php?rest_route=%2Fwp%2Fv2%2Ftags&post=9254"}],"curies":[{"name":"wp","href":"https:\/\/api.w.org\/{rel}","templated":true}]}}