{"id":9264,"date":"2024-11-12T20:20:57","date_gmt":"2024-11-12T23:20:57","guid":{"rendered":"https:\/\/partediario.com.ar\/?p=9264"},"modified":"2024-11-13T11:30:52","modified_gmt":"2024-11-13T14:30:52","slug":"el-gobierno-designo-a-alejandro-oxenford-como-embajador-en-los-estados-unidos","status":"publish","type":"post","link":"https:\/\/partediario.com.ar\/?p=9264","title":{"rendered":"El Gobierno design\u00f3 a Alejandro Oxenford como embajador en los Estados Unidos"},"content":{"rendered":"\n<h3 class=\"wp-block-heading\">Designaron a Alejandro Carlos Francisco Oxenford como el nuevo embajador en los Estados Unidos, sucesor de Gerardo Werthein, actual ministro de Relaciones Exteriores, Comercio Internacional y Culto.<\/h3>\n\n\n\n<p>\u00abEl Gobierno de la Rep\u00fablica Argentina tiene el honor de anunciar que el Sr. Alejandro Carlos Francisco Oxenford ser\u00e1 designado como Embajador Extraordinario y Plenipotenciario ante los Estados Unidos de Am\u00e9rica\u00bb, se\u00f1alaron desde la Canciller\u00eda.<\/p>\n\n\n\n<p>Por medio de un mensaje que se difundi\u00f3 en la red social X, agregaron: \u00abSu experiencia y compromiso fortalecer\u00e1n las relaciones bilaterales y promover\u00e1n una cooperaci\u00f3n fruct\u00edfera entre ambas naciones\u00bb.<\/p>\n\n\n\n<p>Por su parte, el flamante embajador le agradeci\u00f3 al presidente Javier Milei \u00abpor la confianza\u00bb y afirm\u00f3 estar \u00abemocionado\u00bb por su designaci\u00f3n.<\/p>\n\n\n\n<p>\u00abMuch\u00edsimas gracias por la confianza, Presidente @Jmilei! Emocionado por esta designaci\u00f3n como Embajador en Estados Unidos\u00bb, expres\u00f3 Oxenford por la misma red social.<\/p>\n\n\n\n<p>Y a\u00f1adi\u00f3: \u201cEstoy convencido que con dedicaci\u00f3n y foco, lograremos un impacto significativo, posicionando a Argentina cada vez mejor en USA y el mundo. Un honor contar con la gu\u00eda de @wertheing, el equipo de Gobierno, la inspiraci\u00f3n de @JMilei y las ideas de la libertad como Norte. Vamos!\u201d.<\/p>\n\n\n\n<p>\u00ab\u00b4El servicio p\u00fablico no es s\u00f3lo un honor, es tambi\u00e9n una responsabilidad\u00b4\u2013Nelson Mandela\u00bb, finaliza el mensaje del ahora embajador.<\/p>\n\n\n\n<p>Se trata de un empresario argentino, fundador de las compa\u00f1\u00edas OLX y letgo, que estudi\u00f3 licenciatura en Administraci\u00f3n de Empresas en la Universidad Cat\u00f3lica de Argentina (UCA). Se gradu\u00f3 en 1993 y realiz\u00f3 un MBA en Harvard en 1997.<\/p>\n\n\n\n<p>Adem\u00e1s fund\u00f3 Deremate.com, la plataforma OLX Global BV; DineroMail, Inc.; Letgo Mobil Internet Servisleri Ticaret AS y Alpha Capital Acquisition Co. (2020).<\/p>\n","protected":false},"excerpt":{"rendered":"<p>Designaron a Alejandro Carlos Francisco Oxenford como el nuevo embajador en los Estados Unidos, sucesor de Gerardo Werthein, actual ministro de Relaciones Exteriores, Comercio Internacional y Culto. &laquo;El Gobierno de la Rep&uacute;blica Argentina tiene el honor de anunciar que el Sr. Alejandro Carlos Francisco Oxenford ser&aacute; designado como Embajador Extraordinario y Plenipotenciario ante los Estados [&hellip;]<\/p>\n","protected":false},"author":2,"featured_media":9265,"comment_status":"open","ping_status":"open","sticky":false,"template":"","format":"standard","meta":{"footnotes":""},"categories":[5,176],"tags":[4191,1812,467,4080,232],"class_list":["post-9264","post","type-post","status-publish","format-standard","has-post-thumbnail","hentry","category-nacionales","category-politica","tag-alejandro-oxenford","tag-embajador","tag-estados-unidos","tag-gerardo-werthein","tag-javier-milei"],"_links":{"self":[{"href":"https:\/\/partediario.com.ar\/index.php?rest_route=\/wp\/v2\/posts\/9264","targetHints":{"allow":["GET"]}}],"collection":[{"href":"https:\/\/partediario.com.ar\/index.php?rest_route=\/wp\/v2\/posts"}],"about":[{"href":"https:\/\/partediario.com.ar\/index.php?rest_route=\/wp\/v2\/types\/post"}],"author":[{"embeddable":true,"href":"https:\/\/partediario.com.ar\/index.php?rest_route=\/wp\/v2\/users\/2"}],"replies":[{"embeddable":true,"href":"https:\/\/partediario.com.ar\/index.php?rest_route=%2Fwp%2Fv2%2Fcomments&post=9264"}],"version-history":[{"count":1,"href":"https:\/\/partediario.com.ar\/index.php?rest_route=\/wp\/v2\/posts\/9264\/revisions"}],"predecessor-version":[{"id":9266,"href":"https:\/\/partediario.com.ar\/index.php?rest_route=\/wp\/v2\/posts\/9264\/revisions\/9266"}],"wp:featuredmedia":[{"embeddable":true,"href":"https:\/\/partediario.com.ar\/index.php?rest_route=\/wp\/v2\/media\/9265"}],"wp:attachment":[{"href":"https:\/\/partediario.com.ar\/index.php?rest_route=%2Fwp%2Fv2%2Fmedia&parent=9264"}],"wp:term":[{"taxonomy":"category","embeddable":true,"href":"https:\/\/partediario.com.ar\/index.php?rest_route=%2Fwp%2Fv2%2Fcategories&post=9264"},{"taxonomy":"post_tag","embeddable":true,"href":"https:\/\/partediario.com.ar\/index.php?rest_route=%2Fwp%2Fv2%2Ftags&post=9264"}],"curies":[{"name":"wp","href":"https:\/\/api.w.org\/{rel}","templated":true}]}}