{"id":9267,"date":"2024-11-12T20:28:45","date_gmt":"2024-11-12T23:28:45","guid":{"rendered":"https:\/\/partediario.com.ar\/?p=9267"},"modified":"2024-11-13T11:30:48","modified_gmt":"2024-11-13T14:30:48","slug":"el-chantaje-de-milei-para-con-los-gobernadores-hizo-caer-la-sesion-en-diputados","status":"publish","type":"post","link":"https:\/\/partediario.com.ar\/?p=9267","title":{"rendered":"El \u00abchantaje\u00bb de Milei para con los gobernadores hizo caer la sesi\u00f3n en Diputados"},"content":{"rendered":"\n<h3 class=\"wp-block-heading\">La sesi\u00f3n especial pedida por la oposici\u00f3n en la C\u00e1mara de Diputados fracas\u00f3 por falta de qu\u00f3rum, una noticia que fue muy bien recibida por la Casa Rosada, que oper\u00f3 intensamente para desbaratar la arremetida y que la historia ocurriera esta situaci\u00f3n.<\/h3>\n\n\n\n<p>Minutos antes del horario en que la sesi\u00f3n hab\u00eda sido convocada, ante la certeza de que no iba a poder reunir qu\u00f3rum, circul\u00f3 una nota de diputados de Encuentro Federal, Uni\u00f3n por la Patria y Democracia para Siempre para pedir una pr\u00f3rroga hasta el jueves 21 de noviembre a las 11.<\/p>\n\n\n\n<p>El presidente de la C\u00e1mara de Diputados, Mart\u00edn Menem, se hizo presente en el recinto y declar\u00f3 ca\u00edda la sesi\u00f3n, por lo que se desprende que no admitir\u00e1 ninguna pr\u00f3rroga.<\/p>\n\n\n\n<p>En todo caso, los impulsores de los proyectos de ley para reformar la ley de DNU y rechazar el decreto 846 sobre canje de deuda deber\u00e1n pedir una nueva sesi\u00f3n.<\/p>\n\n\n\n<p>En la v\u00edspera, los operadores de estos bloques opositores se mostraban confiados en juntar el numero, pero la presi\u00f3n que ejerci\u00f3 en las \u00faltimas horas el Gobierno sobre los gobernadores gener\u00f3 el efecto deseado y desactiv\u00f3 la embestida opositora.<\/p>\n\n\n\n<p>En el temario de la sesi\u00f3n figuraba el tratamiento de la reforma de la ley de DNU para acotar el poder del presidente para gobernar a trav\u00e9s de esa v\u00eda, y el rechazo el decreto 846 que autofaculta al Poder Ejecutivo a canjear deuda sin el aval del Congreso.<\/p>\n\n\n\n<p>El factor clave que determin\u00f3 el fracaso opositor, muy celebrado en la Casa Rosada, fue la confirmaci\u00f3n de que nueve diputados nacionales de Uni\u00f3n por la Patria, que tiene 99 integrantes en total, no iban a dar qu\u00f3rum.<\/p>\n\n\n\n<p>Seg\u00fan pudo averiguar, se tratar\u00eda de los cuatro catamarque\u00f1os que responden a Ra\u00fal Jalil, dos santiague\u00f1os que reportan a Gerardo Zamora, la neuquina Tanya Bertoldi, y los mendocinos Adolfo Bermejo y Liliana Paponet.<\/p>\n\n\n\n<p>Dentro del frente opositor que convoc\u00f3 a la sesi\u00f3n tambi\u00e9n iban a producirse bajas en Encuentro Federal: Ricardo L\u00f3pez Murphy, el chubutense Jorge \u201cLoma\u201d \u00c1vila, y el entrerriano Francisco Morchio (que responde al gobernador Rogelio Frigerio).<\/p>\n\n\n\n<p>El bloque de la UCR ya hab\u00eda anticipado unas horas antes de que ayudar\u00eda al oficialismo no dando qu\u00f3rum, pese a que eran autores del proyectos para reformar la ley de DNU. Argumentaron que iban a priorizar la discusi\u00f3n del Presupuesto, que el Gobierno estaba amagando con cerrar.<\/p>\n\n\n\n<p><strong>El \u00abchantaje de Mieli\u00bb<\/strong><\/p>\n\n\n\n<p>Efectivamente, la Casa Rosada utiliz\u00f3 la amenaza de retirar el proyecto de Presupuesto como instrumento de \u00abchantaje\u00bb para quebrar la voluntad de los mandatarios provinciales.<\/p>\n\n\n\n<p>El mensaje fue claro: si no ayudaban a boicotear la sesi\u00f3n, el Gobierno retiraba el Presupuesto y no cancelaba las partidas para obras en las provincias.<\/p>\n\n\n\n<p>\u201cLos bloques que convocamos a la sesi\u00f3n especial de hoy decidimos postergarla para el jueves 21\/11 a las 11 h. Motiva esta decisi\u00f3n que el oficialismo convoc\u00f3 a la comisi\u00f3n para tratar el presupuesto 2025. Veremos si el gobierno tiene voluntad o no de tener ley de presupuesto\u201d, ratific\u00f3 el bloque de UP, que preside Germ\u00e1n Mart\u00ednez, en un comunicado para intentar maquillar el fracaso en el qu\u00f3rum.<\/p>\n\n\n\n<p>Lo mismo hizo Encuentro Federal. \u201cAtento el acuerdo entre el Poder Ejecutivo y los gobernadores que se plasmar\u00eda en un dictamen de la comisi\u00f3n de Presupuesto, el bloque Encuentro Federal comparte la postergaci\u00f3n de la sesi\u00f3n convocada para el d\u00eda de la fecha\u201d, indicaron.<\/p>\n\n\n\n<p>\u201cSer\u00e1 una oportunidad para que el Poder Ejecutivo exprese de manera clara su voluntad de tener un presupuesto aprobado por el Congreso de la Naci\u00f3n\u201d, a\u00f1adieron.<\/p>\n\n\n\n<p>Efectivamente, el Gobierno meti\u00f3 presi\u00f3n, introduciendo la cuesti\u00f3n del Presupuesto en la mesa de negociaciones para levantar la sesi\u00f3n.<\/p>\n\n\n\n<p>\u201cEspero que ahora aparezcan muchas cunetas y rotondas. Se cagan en la Constituci\u00f3n\u201d, dispar\u00f3 un diputado de la oposici\u00f3n dialoguista que hab\u00eda trabajado para que se hiciera la sesi\u00f3n.<\/p>\n\n\n\n<p>Como parte de la transacci\u00f3n con los diputados opositores que se bajaron del qu\u00f3rum, se acord\u00f3 la convocatoria a la comisi\u00f3n de Presupuesto y Hacienda, para el jueves que viene, luego de que la semana pasada el cuerpo presidido por Jos\u00e9 Luis Espert estuviera inactivo.<\/p>\n\n\n\n<p>La idea del oficialismo es dictaminar el proyecto de Presupuesto entre este mismo jueves y el martes de la semana pr\u00f3xima, y as\u00ed poder sesionar el mi\u00e9rcoles 20 o el jueves 21 de noviembre.<\/p>\n\n\n\n<p>El parate de esa comisi\u00f3n durante la semana pasada infundi\u00f3 el temor de que el oficialismo pod\u00eda suspender el tratamiento de la \u00abley de leyes\u00bb, lo que hubiera sido de gravedad para la oposici\u00f3n dialoguista, que quiere votar un presupuesto acorde para ponerle un corset al Gobierno en el manejo de los gastos para el a\u00f1o que viene.<\/p>\n\n\n\n<p>Finalmente, esta movida demosgtr\u00f3 que el hecho de haber pisado la comisi\u00f3n de Presupuesto la semana pasada fue parte de una estrategia calculada del oficialismo para hacerle pisar el palito a un grupo de diputados nacionales, especialmente los m\u00e1s ligados a los gobernadores.<\/p>\n\n\n\n<p>\u00abCada vez son m\u00e1s los radicales y peronistas con peluca: hoy no dieron qu\u00f3rum en diputados para ayudar a Milei a seguir gobernando por decreto\u00bb, apunt\u00f3 el diputado del Frente de Izquierda Nicol\u00e1s del Ca\u00f1o.<\/p>\n\n\n\n<p>Por Sebasti\u00e1n Hadida<\/p>\n","protected":false},"excerpt":{"rendered":"<p>La sesi&oacute;n especial pedida por la oposici&oacute;n en la C&aacute;mara de Diputados fracas&oacute; por falta de qu&oacute;rum, una noticia que fue muy bien recibida por la Casa Rosada, que oper&oacute; intensamente para desbaratar la arremetida y que la historia ocurriera esta situaci&oacute;n. Minutos antes del horario en que la sesi&oacute;n hab&iacute;a sido convocada, ante la [&hellip;]<\/p>\n","protected":false},"author":2,"featured_media":9280,"comment_status":"open","ping_status":"open","sticky":false,"template":"","format":"standard","meta":{"footnotes":""},"categories":[5,176],"tags":[310,282,1023,232,2768],"class_list":["post-9267","post","type-post","status-publish","format-standard","has-post-thumbnail","hentry","category-nacionales","category-politica","tag-diputados","tag-dnu","tag-gobernadores","tag-javier-milei","tag-sesion"],"_links":{"self":[{"href":"https:\/\/partediario.com.ar\/index.php?rest_route=\/wp\/v2\/posts\/9267","targetHints":{"allow":["GET"]}}],"collection":[{"href":"https:\/\/partediario.com.ar\/index.php?rest_route=\/wp\/v2\/posts"}],"about":[{"href":"https:\/\/partediario.com.ar\/index.php?rest_route=\/wp\/v2\/types\/post"}],"author":[{"embeddable":true,"href":"https:\/\/partediario.com.ar\/index.php?rest_route=\/wp\/v2\/users\/2"}],"replies":[{"embeddable":true,"href":"https:\/\/partediario.com.ar\/index.php?rest_route=%2Fwp%2Fv2%2Fcomments&post=9267"}],"version-history":[{"count":1,"href":"https:\/\/partediario.com.ar\/index.php?rest_route=\/wp\/v2\/posts\/9267\/revisions"}],"predecessor-version":[{"id":9269,"href":"https:\/\/partediario.com.ar\/index.php?rest_route=\/wp\/v2\/posts\/9267\/revisions\/9269"}],"wp:featuredmedia":[{"embeddable":true,"href":"https:\/\/partediario.com.ar\/index.php?rest_route=\/wp\/v2\/media\/9280"}],"wp:attachment":[{"href":"https:\/\/partediario.com.ar\/index.php?rest_route=%2Fwp%2Fv2%2Fmedia&parent=9267"}],"wp:term":[{"taxonomy":"category","embeddable":true,"href":"https:\/\/partediario.com.ar\/index.php?rest_route=%2Fwp%2Fv2%2Fcategories&post=9267"},{"taxonomy":"post_tag","embeddable":true,"href":"https:\/\/partediario.com.ar\/index.php?rest_route=%2Fwp%2Fv2%2Ftags&post=9267"}],"curies":[{"name":"wp","href":"https:\/\/api.w.org\/{rel}","templated":true}]}}