{"id":9273,"date":"2024-11-12T20:42:02","date_gmt":"2024-11-12T23:42:02","guid":{"rendered":"https:\/\/partediario.com.ar\/?p=9273"},"modified":"2024-11-13T11:30:40","modified_gmt":"2024-11-13T14:30:40","slug":"el-sindicato-de-controladores-aereos-iformo-la-realizacion-de-medidas-de-fuerza-que-incluye-paros-intermitentes","status":"publish","type":"post","link":"https:\/\/partediario.com.ar\/?p=9273","title":{"rendered":"El sindicato de controladores a\u00e9reos iform\u00f3 la realizaci\u00f3n de medidas de fuerza que incluye paros intermitentes"},"content":{"rendered":"\n<h3 class=\"wp-block-heading\">La Asociaci\u00f3n T\u00e9cnicos y Empleados de Protecci\u00f3n y Seguridad a la Aeronavegaci\u00f3n (Atepsa), anunci\u00f3 hoy un cronograma de medidas de fuerza que incluye paros intermitentes desde el 16 de noviembre y hasta fin de mes.<\/h3>\n\n\n\n<p>Seg\u00fan informaron desde el gremio en un comunicado, la serie de medidas de fuerza se iniciar\u00edan el s\u00e1bado, y se ver\u00e1n afectados los despegues de vuelos internacionales entre las 20 y las 23 (hora argentina).<\/p>\n\n\n\n<p>Mientras que el lunes 18 ser\u00e1 el turno de la la aviaci\u00f3n general y comercial no regular, de 15 a 18, mientras que el mi\u00e9rcoles 20, de 7 a 9, y el viernes 22, de 18 a 20, la huelga tendr\u00e1 consecuencias sobre los despegues de toda la aviaci\u00f3n.<\/p>\n\n\n\n<p>La acci\u00f3n sindical afectar\u00e1 el despegue de vuelos en 54 aeropuertos del pa\u00eds, entre ellos, el Aeropuerto Internacional Jorge Newbery.<\/p>\n\n\n\n<p>El sindicato de controladores a\u00e9reos dispuso la medida de fuerza para pedir \u00ablibertad en la negociaci\u00f3n colectiva\u00bb con el objetivo de obtener un \u00abaumento salarial acorde a los servicios prestados\u00bb.<\/p>\n\n\n\n<p>Adem\u00e1s, sostienen que, dado que los servicios de navegaci\u00f3n a\u00e9rea \u00abconstituyen un servicio p\u00fablico esencial\u00bb, proceder\u00e1 a ejercer el derecho constitucional a huelga \u00abrespetando y garantizando el porcentaje previsto en la reglamentaci\u00f3n vigente\u00bb, tal como acordaron \u00aben el \u00e1mbito de la Secretaria de Trabajo\u00bb.<\/p>\n\n\n\n<p>\u00abLa medida leg\u00edtima de acci\u00f3n sindical solo afectar\u00e1 despegues de aeronaves en todos los aeropuertos del pa\u00eds, es decir solamente afectar\u00e1 autorizaciones en tierra. Tampoco se recibir\u00e1n planes de vuelo en el horario que afecte la medida\u00bb, agregaron desde el gremio.<\/p>\n\n\n\n<p>El sindicato aclar\u00f3 que \u00abquedar\u00e1n exceptuados\u00bb de la medida de fuerza en las franjas horarias afectadas \u00ablas operaciones de aeronaves que eventualmente se declaren en emergencia, como aquellas que presten servicios sanitarios, traslado de \u00f3rganos, humanitarios, de Estado y\/o b\u00fasqueda y salvamento\u00bb.<\/p>\n","protected":false},"excerpt":{"rendered":"<p>La Asociaci&oacute;n T&eacute;cnicos y Empleados de Protecci&oacute;n y Seguridad a la Aeronavegaci&oacute;n (Atepsa), anunci&oacute; hoy un cronograma de medidas de fuerza que incluye paros intermitentes desde el 16 de noviembre y hasta fin de mes. Seg&uacute;n informaron desde el gremio en un comunicado, la serie de medidas de fuerza se iniciar&iacute;an el s&aacute;bado, y se [&hellip;]<\/p>\n","protected":false},"author":2,"featured_media":9274,"comment_status":"open","ping_status":"open","sticky":false,"template":"","format":"standard","meta":{"footnotes":""},"categories":[978,5],"tags":[4200,4201,4199,1186,1642,4198],"class_list":["post-9273","post","type-post","status-publish","format-standard","has-post-thumbnail","hentry","category-gremiales","category-nacionales","tag-aereos","tag-atepsa","tag-controladores","tag-fuerza","tag-medidas","tag-sindicato"],"_links":{"self":[{"href":"https:\/\/partediario.com.ar\/index.php?rest_route=\/wp\/v2\/posts\/9273","targetHints":{"allow":["GET"]}}],"collection":[{"href":"https:\/\/partediario.com.ar\/index.php?rest_route=\/wp\/v2\/posts"}],"about":[{"href":"https:\/\/partediario.com.ar\/index.php?rest_route=\/wp\/v2\/types\/post"}],"author":[{"embeddable":true,"href":"https:\/\/partediario.com.ar\/index.php?rest_route=\/wp\/v2\/users\/2"}],"replies":[{"embeddable":true,"href":"https:\/\/partediario.com.ar\/index.php?rest_route=%2Fwp%2Fv2%2Fcomments&post=9273"}],"version-history":[{"count":1,"href":"https:\/\/partediario.com.ar\/index.php?rest_route=\/wp\/v2\/posts\/9273\/revisions"}],"predecessor-version":[{"id":9275,"href":"https:\/\/partediario.com.ar\/index.php?rest_route=\/wp\/v2\/posts\/9273\/revisions\/9275"}],"wp:featuredmedia":[{"embeddable":true,"href":"https:\/\/partediario.com.ar\/index.php?rest_route=\/wp\/v2\/media\/9274"}],"wp:attachment":[{"href":"https:\/\/partediario.com.ar\/index.php?rest_route=%2Fwp%2Fv2%2Fmedia&parent=9273"}],"wp:term":[{"taxonomy":"category","embeddable":true,"href":"https:\/\/partediario.com.ar\/index.php?rest_route=%2Fwp%2Fv2%2Fcategories&post=9273"},{"taxonomy":"post_tag","embeddable":true,"href":"https:\/\/partediario.com.ar\/index.php?rest_route=%2Fwp%2Fv2%2Ftags&post=9273"}],"curies":[{"name":"wp","href":"https:\/\/api.w.org\/{rel}","templated":true}]}}