{"id":9281,"date":"2024-11-13T11:27:04","date_gmt":"2024-11-13T14:27:04","guid":{"rendered":"https:\/\/partediario.com.ar\/?p=9281"},"modified":"2024-11-14T13:31:28","modified_gmt":"2024-11-14T16:31:28","slug":"ultimo-momento-casacion-confirmo-por-unanimidad-la-condena-a-6-anos-de-prision-a-cristina-kirchner","status":"publish","type":"post","link":"https:\/\/partediario.com.ar\/?p=9281","title":{"rendered":"\u00daLTIMO MOMENTO: Casaci\u00f3n confirm\u00f3 por unanimidad la condena a 6 a\u00f1os de prisi\u00f3n a Cristina Kirchner"},"content":{"rendered":"\n<h3 class=\"wp-block-heading\">La C\u00e1mara Federal de Casaci\u00f3n Penal confirm\u00f3 la sentencia por la causa \u00abVialidad\u00bb a la ex vicepresidenta en los tribunales de Retiro.<\/h3>\n\n\n\n<p>La C\u00e1mara Federal de Casaci\u00f3n Penal confirm\u00f3 hoy la condena a seis a\u00f1os de prisi\u00f3n a la ex presidenta Cristina Fern\u00e1ndez de Kirchner por \u00abadministraci\u00f3n fraudulenta\u00bb agravada y la inhabilitaci\u00f3n perpetua para ejercer cargos p\u00fablicos en la causa \u00abVialidad\u00bb, al dar a conocer la sentencia en los tribunales de Retiro.<\/p>\n\n\n\n<p><\/p>\n\n\n\n<figure class=\"wp-block-image size-full\"><img loading=\"lazy\" decoding=\"async\" width=\"526\" height=\"720\" src=\"https:\/\/partediario.com.ar\/wp-content\/uploads\/Cristina-Kirchner.webp\" alt=\"\" class=\"wp-image-9323\" srcset=\"https:\/\/partediario.com.ar\/wp-content\/uploads\/Cristina-Kirchner.webp 526w, https:\/\/partediario.com.ar\/wp-content\/uploads\/Cristina-Kirchner-219x300.webp 219w\" sizes=\"auto, (max-width: 526px) 100vw, 526px\" \/><\/figure>\n\n\n\n<p><\/p>\n","protected":false},"excerpt":{"rendered":"<p>La C&aacute;mara Federal de Casaci&oacute;n Penal confirm&oacute; la sentencia por la causa &laquo;Vialidad&raquo; a la ex vicepresidenta en los tribunales de Retiro. La C&aacute;mara Federal de Casaci&oacute;n Penal confirm&oacute; hoy la condena a seis a&ntilde;os de prisi&oacute;n a la ex presidenta Cristina Fern&aacute;ndez de Kirchner por &laquo;administraci&oacute;n fraudulenta&raquo; agravada y la inhabilitaci&oacute;n perpetua para ejercer [&hellip;]<\/p>\n","protected":false},"author":2,"featured_media":8765,"comment_status":"open","ping_status":"open","sticky":false,"template":"","format":"standard","meta":{"footnotes":""},"categories":[979,5],"tags":[4205,3651,518,4207,4208,368],"class_list":["post-9281","post","type-post","status-publish","format-standard","has-post-thumbnail","hentry","category-judiciales","category-nacionales","tag-6-anos","tag-casacion","tag-cristina-kirchner","tag-inhabilitacion","tag-perpetua","tag-prision"],"_links":{"self":[{"href":"https:\/\/partediario.com.ar\/index.php?rest_route=\/wp\/v2\/posts\/9281","targetHints":{"allow":["GET"]}}],"collection":[{"href":"https:\/\/partediario.com.ar\/index.php?rest_route=\/wp\/v2\/posts"}],"about":[{"href":"https:\/\/partediario.com.ar\/index.php?rest_route=\/wp\/v2\/types\/post"}],"author":[{"embeddable":true,"href":"https:\/\/partediario.com.ar\/index.php?rest_route=\/wp\/v2\/users\/2"}],"replies":[{"embeddable":true,"href":"https:\/\/partediario.com.ar\/index.php?rest_route=%2Fwp%2Fv2%2Fcomments&post=9281"}],"version-history":[{"count":3,"href":"https:\/\/partediario.com.ar\/index.php?rest_route=\/wp\/v2\/posts\/9281\/revisions"}],"predecessor-version":[{"id":9326,"href":"https:\/\/partediario.com.ar\/index.php?rest_route=\/wp\/v2\/posts\/9281\/revisions\/9326"}],"wp:featuredmedia":[{"embeddable":true,"href":"https:\/\/partediario.com.ar\/index.php?rest_route=\/wp\/v2\/media\/8765"}],"wp:attachment":[{"href":"https:\/\/partediario.com.ar\/index.php?rest_route=%2Fwp%2Fv2%2Fmedia&parent=9281"}],"wp:term":[{"taxonomy":"category","embeddable":true,"href":"https:\/\/partediario.com.ar\/index.php?rest_route=%2Fwp%2Fv2%2Fcategories&post=9281"},{"taxonomy":"post_tag","embeddable":true,"href":"https:\/\/partediario.com.ar\/index.php?rest_route=%2Fwp%2Fv2%2Ftags&post=9281"}],"curies":[{"name":"wp","href":"https:\/\/api.w.org\/{rel}","templated":true}]}}