{"id":9289,"date":"2024-11-13T20:27:37","date_gmt":"2024-11-13T23:27:37","guid":{"rendered":"https:\/\/partediario.com.ar\/?p=9289"},"modified":"2024-11-14T11:55:45","modified_gmt":"2024-11-14T14:55:45","slug":"milei-retiro-la-delegacion-de-la-cumbre-del-clima-cop29-en-azerbaiyan-en-rechazo-a-la-agenda-2030","status":"publish","type":"post","link":"https:\/\/partediario.com.ar\/?p=9289","title":{"rendered":"Milei retir\u00f3 la delegaci\u00f3n de la cumbre del clima COP29 en Azerbaiy\u00e1n, en rechazo a la \u00abagenda 2030\u00bb"},"content":{"rendered":"\n<h3 class=\"wp-block-heading\">El Gobierno de Javier Milei orden\u00f3 hoy que la totalidad de la delegaci\u00f3n argentina se retire de las negociaciones para la mitigaci\u00f3n del cambio clim\u00e1tico en la Conferencia de las Partes de las Naciones Unidas (COP29) que se desarrolla en Azerbaiy\u00e1n.\u2060<\/h3>\n\n\n\n<p>La decisi\u00f3n forma parte del rechazo a la \u00abagenda 2030\u00bb de la gesti\u00f3n libertaria, situaci\u00f3n que incomoda a las empresas que operan en el pa\u00eds y promueven una producci\u00f3n m\u00e1s limpia. \u2060<\/p>\n\n\n\n<p>Una peque\u00f1a delegaci\u00f3n de funcionarios argentinos estaba en la cumbre, pero recibieron este mi\u00e9rcoles la orden de suspender su agenda y regresar a Buenos Aires de forma inmediata.<\/p>\n\n\n\n<p>Los representantes argentinos se fueron para no avalar lo que all\u00ed se decida, seg\u00fan se supo. Desde Buenos Aires, Milei hizo retuits a algunos mensajes que celebraron esa medida.<\/p>\n\n\n\n<p>Las negociaciones de la COP29 est\u00e1n teniendo un centro claro en el financiamiento clim\u00e1tico y en la necesidad de que se aumenten los recursos que los pa\u00edses desarrollados aportan para la adaptaci\u00f3n y mitigaci\u00f3n del cambio clim\u00e1tico.<\/p>\n\n\n\n<p><\/p>\n\n\n\n<figure class=\"wp-block-image size-large\"><img loading=\"lazy\" decoding=\"async\" width=\"1024\" height=\"640\" src=\"https:\/\/partediario.com.ar\/wp-content\/uploads\/COP29-1024x640.webp\" alt=\"\" class=\"wp-image-9290\" srcset=\"https:\/\/partediario.com.ar\/wp-content\/uploads\/COP29-1024x640.webp 1024w, https:\/\/partediario.com.ar\/wp-content\/uploads\/COP29-300x188.webp 300w, https:\/\/partediario.com.ar\/wp-content\/uploads\/COP29-768x480.webp 768w, https:\/\/partediario.com.ar\/wp-content\/uploads\/COP29.webp 1152w\" sizes=\"auto, (max-width: 1024px) 100vw, 1024px\" \/><\/figure>\n\n\n\n<p><\/p>\n\n\n\n<p>De todas formas, este abandono no implica que Argentina se retire del Acuerdo de Par\u00eds para frenar el calentamiento clim\u00e1tico.<\/p>\n\n\n\n<p>Para eso se requiere de un proceso m\u00e1s extenso, que puede extenderse hasta un a\u00f1o, y que implicar\u00eda que deje de formar parte de las partes de la Convenci\u00f3n Marco de Cambio Clim\u00e1tico de las Naciones Unidas.<\/p>\n\n\n\n<p>S\u00ed se espera, es que que Donald Trump haga efectivo su retiro cuando asuma la Presidencia de Estados Unidos, en enero pr\u00f3ximo, como ya lo realizado hecho en su primer mandato.<\/p>\n\n\n\n<p>\u00abEs hora de demostrar que la cooperaci\u00f3n mundial no est\u00e1 estancada, que est\u00e1 a la altura que exige el momento\u00bb, expres\u00f3 el lunes Sim\u00f3n Stiell, responsable de la ONU en materia del clima, en la apertura de la conferencia.<\/p>\n\n\n\n<p>La cumbre se extender\u00e1 hasta el viernes 22, con la presencia de l\u00edderes y presidentes, pero desde ahora sin representaci\u00f3n argentina.<\/p>\n","protected":false},"excerpt":{"rendered":"<p>El Gobierno de Javier Milei orden&oacute; hoy que la totalidad de la delegaci&oacute;n argentina se retire de las negociaciones para la mitigaci&oacute;n del cambio clim&aacute;tico en la Conferencia de las Partes de las Naciones Unidas (COP29) que se desarrolla en Azerbaiy&aacute;n.&#8288; La decisi&oacute;n forma parte del rechazo a la &laquo;agenda 2030&raquo; de la gesti&oacute;n libertaria, [&hellip;]<\/p>\n","protected":false},"author":2,"featured_media":9291,"comment_status":"open","ping_status":"open","sticky":false,"template":"","format":"standard","meta":{"footnotes":""},"categories":[5,176],"tags":[411,3249,4211,3896,232,2893],"class_list":["post-9289","post","type-post","status-publish","format-standard","has-post-thumbnail","hentry","category-nacionales","category-politica","tag-argentina","tag-azerbaiyan","tag-cop29","tag-delegacion","tag-javier-milei","tag-retiro"],"_links":{"self":[{"href":"https:\/\/partediario.com.ar\/index.php?rest_route=\/wp\/v2\/posts\/9289","targetHints":{"allow":["GET"]}}],"collection":[{"href":"https:\/\/partediario.com.ar\/index.php?rest_route=\/wp\/v2\/posts"}],"about":[{"href":"https:\/\/partediario.com.ar\/index.php?rest_route=\/wp\/v2\/types\/post"}],"author":[{"embeddable":true,"href":"https:\/\/partediario.com.ar\/index.php?rest_route=\/wp\/v2\/users\/2"}],"replies":[{"embeddable":true,"href":"https:\/\/partediario.com.ar\/index.php?rest_route=%2Fwp%2Fv2%2Fcomments&post=9289"}],"version-history":[{"count":1,"href":"https:\/\/partediario.com.ar\/index.php?rest_route=\/wp\/v2\/posts\/9289\/revisions"}],"predecessor-version":[{"id":9292,"href":"https:\/\/partediario.com.ar\/index.php?rest_route=\/wp\/v2\/posts\/9289\/revisions\/9292"}],"wp:featuredmedia":[{"embeddable":true,"href":"https:\/\/partediario.com.ar\/index.php?rest_route=\/wp\/v2\/media\/9291"}],"wp:attachment":[{"href":"https:\/\/partediario.com.ar\/index.php?rest_route=%2Fwp%2Fv2%2Fmedia&parent=9289"}],"wp:term":[{"taxonomy":"category","embeddable":true,"href":"https:\/\/partediario.com.ar\/index.php?rest_route=%2Fwp%2Fv2%2Fcategories&post=9289"},{"taxonomy":"post_tag","embeddable":true,"href":"https:\/\/partediario.com.ar\/index.php?rest_route=%2Fwp%2Fv2%2Ftags&post=9289"}],"curies":[{"name":"wp","href":"https:\/\/api.w.org\/{rel}","templated":true}]}}