{"id":9293,"date":"2024-11-13T20:32:08","date_gmt":"2024-11-13T23:32:08","guid":{"rendered":"https:\/\/partediario.com.ar\/?p=9293"},"modified":"2024-11-14T11:55:40","modified_gmt":"2024-11-14T14:55:40","slug":"como-no-me-pueden-dar-una-pina-hacen-cosas-como-las-que-hicieron-hoy-en-comodoro-py-senalo-cristina-kirchner","status":"publish","type":"post","link":"https:\/\/partediario.com.ar\/?p=9293","title":{"rendered":"\u201cComo no me pueden dar una pi\u00f1a, hacen cosas como las que hicieron hoy en Comodoro Py\u201d, se\u00f1al\u00f3 Cristina Kirchner"},"content":{"rendered":"\n<h3 class=\"wp-block-heading\">La ex presidenta Cristina Fern\u00e1ndez de Kichner habl\u00f3, tras el fallo que la conden\u00f3 a 6 a\u00f1os de prisi\u00f3n e inhabilitaci\u00f3n perpetua para ejercer cargos p\u00fablicos, y asegur\u00f3 que \u201ccomo no le pueden dar una pi\u00f1a, hacen cosas como las que hicieron hoy en Comodoro Py\u201d.<\/h3>\n\n\n\n<p>Estas declaraciones surgieron en medio de una actividad realizada este mediod\u00eda en la localidad de Moreno, junto a la intendenta Mariel Fern\u00e1ndez, donde se reuni\u00f3 con 400 mujeres promotoras de g\u00e9nero del distrito, capacitadas en la Ley Micaela Garc\u00eda y que realizan el trabajo en los barrios, para la prevenci\u00f3n de la violencia hacia las mujeres y disidencias.<\/p>\n\n\n\n<p>\u201cHay violencia pol\u00edtica cuando sos mina, todo te lo hacen 20 veces m\u00e1s dif\u00edcil. Si por algo me castigan, no es solamente por todo lo que hice, sino porque soy mujer y no se bancan discutir y no tener raz\u00f3n\u201d, apunt\u00f3.<\/p>\n\n\n\n<p>En la misma l\u00ednea, destac\u00f3 que \u201cno importa\u201d lo sucedido porque \u201cal lado de lo que han tenido que aguantar miles y miles de mujeres en condiciones horrendas\u201d esta situaci\u00f3n por la que est\u00e1 atravesando, no lo ve como un \u201csacrificio\u201d.<\/p>\n\n\n\n<p>\u201cEs casi como una obligaci\u00f3n de alguien que tiene un proyecto de pa\u00eds y un modelo de sociedad. Soy yo la que viene a agradecerles a todas ustedes\u201d, finaliz\u00f3.<\/p>\n","protected":false},"excerpt":{"rendered":"<p>La ex presidenta Cristina Fern&aacute;ndez de Kichner habl&oacute;, tras el fallo que la conden&oacute; a 6 a&ntilde;os de prisi&oacute;n e inhabilitaci&oacute;n perpetua para ejercer cargos p&uacute;blicos, y asegur&oacute; que &ldquo;como no le pueden dar una pi&ntilde;a, hacen cosas como las que hicieron hoy en Comodoro Py&rdquo;. Estas declaraciones surgieron en medio de una actividad realizada [&hellip;]<\/p>\n","protected":false},"author":2,"featured_media":9294,"comment_status":"open","ping_status":"open","sticky":false,"template":"","format":"standard","meta":{"footnotes":""},"categories":[5,176],"tags":[2475,518],"class_list":["post-9293","post","type-post","status-publish","format-standard","has-post-thumbnail","hentry","category-nacionales","category-politica","tag-comodoro-py","tag-cristina-kirchner"],"_links":{"self":[{"href":"https:\/\/partediario.com.ar\/index.php?rest_route=\/wp\/v2\/posts\/9293","targetHints":{"allow":["GET"]}}],"collection":[{"href":"https:\/\/partediario.com.ar\/index.php?rest_route=\/wp\/v2\/posts"}],"about":[{"href":"https:\/\/partediario.com.ar\/index.php?rest_route=\/wp\/v2\/types\/post"}],"author":[{"embeddable":true,"href":"https:\/\/partediario.com.ar\/index.php?rest_route=\/wp\/v2\/users\/2"}],"replies":[{"embeddable":true,"href":"https:\/\/partediario.com.ar\/index.php?rest_route=%2Fwp%2Fv2%2Fcomments&post=9293"}],"version-history":[{"count":1,"href":"https:\/\/partediario.com.ar\/index.php?rest_route=\/wp\/v2\/posts\/9293\/revisions"}],"predecessor-version":[{"id":9295,"href":"https:\/\/partediario.com.ar\/index.php?rest_route=\/wp\/v2\/posts\/9293\/revisions\/9295"}],"wp:featuredmedia":[{"embeddable":true,"href":"https:\/\/partediario.com.ar\/index.php?rest_route=\/wp\/v2\/media\/9294"}],"wp:attachment":[{"href":"https:\/\/partediario.com.ar\/index.php?rest_route=%2Fwp%2Fv2%2Fmedia&parent=9293"}],"wp:term":[{"taxonomy":"category","embeddable":true,"href":"https:\/\/partediario.com.ar\/index.php?rest_route=%2Fwp%2Fv2%2Fcategories&post=9293"},{"taxonomy":"post_tag","embeddable":true,"href":"https:\/\/partediario.com.ar\/index.php?rest_route=%2Fwp%2Fv2%2Ftags&post=9293"}],"curies":[{"name":"wp","href":"https:\/\/api.w.org\/{rel}","templated":true}]}}