{"id":9341,"date":"2024-11-15T10:57:27","date_gmt":"2024-11-15T13:57:27","guid":{"rendered":"https:\/\/partediario.com.ar\/?p=9341"},"modified":"2024-11-17T10:54:36","modified_gmt":"2024-11-17T13:54:36","slug":"estados-unidos-las-fuerzas-del-cielo-estan-de-nuestro-lado-le-expreso-milei-a-trump","status":"publish","type":"post","link":"https:\/\/partediario.com.ar\/?p=9341","title":{"rendered":"Estados Unidos: \u00ablas fuerzas del cielo est\u00e1n de nuestro lado\u201d, le expres\u00f3 Milei a Trump"},"content":{"rendered":"\n<h3 class=\"wp-block-heading\">El presidente Javier Milei disert\u00f3 en la convenci\u00f3n conservadora que tiene lugar este jueves por la noche en el Estado de la Florida. Milei brind\u00f3 su discurso en castellano y fue fiel a sus pensamientos liberales.<\/h3>\n\n\n\n<p>\u00abTodos mis discursos comienzan con Hola a todos\u00bb, muchas gracias por hacerme parte de este evento tan importante y por permitirme hablar aqu\u00ed entre ustedes que son unos verdaderos gigantes\u201d, inici\u00f3 su discurso el mandatario argentino.<\/p>\n\n\n\n<p>El presidente argentino habl\u00f3 frente a su par norteamericano y a Elon Musk, entre otros; \u201cLos hermanos sean unidos, esa es la ley primera\u201d, expres\u00f3 citando a Mart\u00edn Fierro.<\/p>\n\n\n\n<p>El presidente argentino Javier Milei particip\u00f3 en el evento en el complejo Mar-a-Lago, en Palm Beach, donde dedic\u00f3 unas sentidas palabras al electo Donald Trump y analiz\u00f3 la situaci\u00f3n econ\u00f3mica a nivel mundial. En tanto, y previo a su turno, el republicano y Elon Musk, escucharon el discurso desde el p\u00fablico.<\/p>\n\n\n\n<p>Milei, que se convirti\u00f3 en el primer gobernante extranjero en reunirse con Trump tras su reelecci\u00f3n, abri\u00f3 su presentaci\u00f3n en ingl\u00e9s con la voz quebrada y dio inicio con su frase de cabecera: \u201cHola a todos\u201d. \u201cEstoy muy agradecido de estar ac\u00e1 y me siento bendecido\u201d, comenz\u00f3, para luego cambiar al espa\u00f1ol.<\/p>\n\n\n\n<p>El presidente argentino tuvo palabras muy afectuosas para con el due\u00f1o de casa, el flamante presidente electo Donald Trump. \u00abQuiero comenzar primero felicitando al presidente electro Donald Trump por su contundente victoria, por la remontada pol\u00edtica m\u00e1s grande de la historia enfrentando a todo el establishment pol\u00edtico incluso poniendo en riesgo su propia vida y gracias a eso hoy el mundo es un mundo mucho mejor porque hoy los vientos de libertad soplan much\u00edsimo m\u00e1s fuerte\u00bb, remarc\u00f3. Y a\u00f1adi\u00f3: \u201cun verdadero milagro y prueba fehaciente de que las fuerzas del cielo est\u00e1n de nuestro lado\u201d<\/p>\n\n\n\n<p>El comunismo, siempre una de las victimas predilectas de Milei, tambi\u00e9n tuvo su lugar en el discurso. \u201cEn 1848 Marx comenz\u00f3 aquel panfleto siniestro que fue su manifiesto comunista diciendo que un fantasma recorr\u00eda Europa, el fantasma del comunismo, hoy un fantasma distinto recorre el mundo, el fantasma de la libertad\u201d, destac\u00f3.<\/p>\n","protected":false},"excerpt":{"rendered":"<p>El presidente Javier Milei disert&oacute; en la convenci&oacute;n conservadora que tiene lugar este jueves por la noche en el Estado de la Florida. Milei brind&oacute; su discurso en castellano y fue fiel a sus pensamientos liberales. &laquo;Todos mis discursos comienzan con Hola a todos&raquo;, muchas gracias por hacerme parte de este evento tan importante y [&hellip;]<\/p>\n","protected":false},"author":2,"featured_media":9342,"comment_status":"open","ping_status":"open","sticky":false,"template":"","format":"standard","meta":{"footnotes":""},"categories":[5,176],"tags":[857,1961,467,3724,232,4224,4225],"class_list":["post-9341","post","type-post","status-publish","format-standard","has-post-thumbnail","hentry","category-nacionales","category-politica","tag-donald-trump","tag-elon-musk","tag-estados-unidos","tag-florida","tag-javier-milei","tag-mar-a-lago","tag-palm-beach"],"_links":{"self":[{"href":"https:\/\/partediario.com.ar\/index.php?rest_route=\/wp\/v2\/posts\/9341","targetHints":{"allow":["GET"]}}],"collection":[{"href":"https:\/\/partediario.com.ar\/index.php?rest_route=\/wp\/v2\/posts"}],"about":[{"href":"https:\/\/partediario.com.ar\/index.php?rest_route=\/wp\/v2\/types\/post"}],"author":[{"embeddable":true,"href":"https:\/\/partediario.com.ar\/index.php?rest_route=\/wp\/v2\/users\/2"}],"replies":[{"embeddable":true,"href":"https:\/\/partediario.com.ar\/index.php?rest_route=%2Fwp%2Fv2%2Fcomments&post=9341"}],"version-history":[{"count":1,"href":"https:\/\/partediario.com.ar\/index.php?rest_route=\/wp\/v2\/posts\/9341\/revisions"}],"predecessor-version":[{"id":9343,"href":"https:\/\/partediario.com.ar\/index.php?rest_route=\/wp\/v2\/posts\/9341\/revisions\/9343"}],"wp:featuredmedia":[{"embeddable":true,"href":"https:\/\/partediario.com.ar\/index.php?rest_route=\/wp\/v2\/media\/9342"}],"wp:attachment":[{"href":"https:\/\/partediario.com.ar\/index.php?rest_route=%2Fwp%2Fv2%2Fmedia&parent=9341"}],"wp:term":[{"taxonomy":"category","embeddable":true,"href":"https:\/\/partediario.com.ar\/index.php?rest_route=%2Fwp%2Fv2%2Fcategories&post=9341"},{"taxonomy":"post_tag","embeddable":true,"href":"https:\/\/partediario.com.ar\/index.php?rest_route=%2Fwp%2Fv2%2Ftags&post=9341"}],"curies":[{"name":"wp","href":"https:\/\/api.w.org\/{rel}","templated":true}]}}