{"id":9347,"date":"2024-11-15T11:08:19","date_gmt":"2024-11-15T14:08:19","guid":{"rendered":"https:\/\/partediario.com.ar\/?p=9347"},"modified":"2024-11-17T10:54:28","modified_gmt":"2024-11-17T13:54:28","slug":"mogetta-reafirmo-la-decision-del-gobierno-nacional-de-privatizar-aerolineas-argentinas","status":"publish","type":"post","link":"https:\/\/partediario.com.ar\/?p=9347","title":{"rendered":"Mogetta reafirm\u00f3 la decisi\u00f3n del Gobierno nacional de privatizar Aerol\u00edneas Argentinas"},"content":{"rendered":"\n<h3 class=\"wp-block-heading\">El Secretario de Transporte, Franco Mogetta, ratific\u00f3 que el Gobierno nacional mantiene el objetivo de privatizar Aerol\u00edneas Argentinas y calific\u00f3 como \u201chist\u00f3rico\u201d el acuerdo alcanzado entre la empresa y los gremios con los cuales manten\u00eda un dif\u00edcil conflicto.<\/h3>\n\n\n\n<p>\u201cPara Aerol\u00edneas el objetivo sigue siendo el mismo, sacar al Estado del rol de empresario, privatizarla totalmente, que sea 100% gesti\u00f3n privada\u201d, expres\u00f3 Mogetta en declaraciones radiales.<\/p>\n\n\n\n<p>El funcionario agreg\u00f3 que no se tiene en cuenta \u201clo que dicen los gremios, es una decisi\u00f3n del \u00fanico accionista que tiene la compa\u00f1\u00eda, que es el Estado Nacional, as\u00ed que no es algo que tengamos que consultar con los gremios\u201d.<\/p>\n\n\n\n<p>Sin embargo aclar\u00f3 que tratan \u201cde escuchar a la gente que trabaja y que trabaja responsablemente. Y la verdad es que la mayor\u00eda de los trabajadores que cumplen con sus tareas de manera profesional, con responsabilidad, lo que quieren es trabajar. Entonces si el empleador es privado o estatal, a la gran parte de los trabajadores comunes les da lo mismo\u201d.<\/p>\n\n\n\n<p>En cuanto al acuerdo alcanzado con los gremios, destac\u00f3 que \u201ces hist\u00f3rico teniendo en cuenta que lo \u00fanico que se hab\u00eda hecho hasta ac\u00e1 era lo contrario, otorgar por parte de gobiernos anteriores cada vez m\u00e1s privilegios ante la embestida de los sindicatos\u201d.<\/p>\n\n\n\n<p>\u201cPor primera vez en la historia, un gobierno se plant\u00f3 en defensa de las arcas del Estado y de los ciudadanos, de los argentinos. Porque en definitiva, lo que estamos haciendo es cambiar la realidad para que la industria aerocomercial se pueda desarrollar de una vez por todas y generar mejor servicio a precios m\u00e1s razonables, m\u00e1s accesibles para quienes necesiten usar este servicio\u201d, argument\u00f3.<\/p>\n\n\n\n<p>Asimimos, asegur\u00f3 que lo hicieron \u201ccon un norte claro. Por un lado, el gobierno se plant\u00f3, no cedi\u00f3 ante esas presiones, pero no de manera pasiva. Sino que tambi\u00e9n se han tomado medidas que nunca antes se hab\u00edan tomado\u201d.<\/p>\n\n\n\n<p>\u201cSe ha sancionado al personal con suspensiones, con descuento de los d\u00edas de las medidas, se ha despedido a los que hicieron esa salvajada de dejar gente encerrada cuando antes justamente lo que hac\u00edan gobiernos anteriores era torcer, levantaban la pata del acelerador y reincorporaban a los trabajadores, le daban m\u00e1s beneficios\u201d, indic\u00f3.<\/p>\n\n\n\n<p>\u201cNosotros \u2013dijo- nos mantuvimos firmes siempre desde el principio y creo que fue un proceso en el cual madur\u00f3 un poco la discusi\u00f3n interna, que tambi\u00e9n hab\u00edan tenido hacia adentro los gremios con sus propias bases y se dieron cuenta de que a Javier Milei no le iban a torcer el brazo con los m\u00e9todos tradicionales\u201d.<\/p>\n\n\n\n<p>Y a\u00f1adi\u00f3 que \u201cMilei no es un presidente tradicional, es un presidente que ustedes ya vieron que tiene una l\u00f3gica totalmente fuera de lo tradicional y todos los funcionarios que respondemos a \u00e9l seguimos esa l\u00ednea y no nos dejamos amedrentar con m\u00e9todos extorsivos t\u00edpicos de una Argentina que ya qued\u00f3 en el pasado\u201d.<\/p>\n\n\n\n<p>Adem\u00e1s, expres\u00f3: \u201cLo conseguimos con coherencia, con firmeza y con la decisi\u00f3n de cambiar de una vez por todas el entorno que cubre a la industria aerocomercial. Que tiene que ver tambi\u00e9n con un proceso que hemos iniciado con el DNU 70 para ac\u00e1, con todo el paquete reglamentario por el cual permitimos tripulaci\u00f3n extranjera, aeronaves con matr\u00edcula extranjera, desregulamos las tarifas, rompimos el monopolio de Intercargo, liberamos el acceso a los mercados para que nuevas aerol\u00edneas puedan empezar a operar, por semana estamos autorizando entre 4 a 6 rutas nuevas\u201d.<\/p>\n\n\n\n<p>Finaliz\u00f3 se\u00f1alado que: \u201cTodo parte de un proceso que ha sido continuo y sigue siendo continuo porque al d\u00eda de hoy tenemos charlas, conversaciones muy interesantes con operadores para el servicio de rampa, para l\u00edneas a\u00e9reas, etc. Creemos que estamos ante un momento hist\u00f3rico sin duda\u201d.<\/p>\n","protected":false},"excerpt":{"rendered":"<p>El Secretario de Transporte, Franco Mogetta, ratific&oacute; que el Gobierno nacional mantiene el objetivo de privatizar Aerol&iacute;neas Argentinas y calific&oacute; como &ldquo;hist&oacute;rico&rdquo; el acuerdo alcanzado entre la empresa y los gremios con los cuales manten&iacute;a un dif&iacute;cil conflicto. &ldquo;Para Aerol&iacute;neas el objetivo sigue siendo el mismo, sacar al Estado del rol de empresario, privatizarla totalmente, [&hellip;]<\/p>\n","protected":false},"author":2,"featured_media":9348,"comment_status":"open","ping_status":"open","sticky":false,"template":"","format":"standard","meta":{"footnotes":""},"categories":[978,5,176],"tags":[962,3409,224,1880,961],"class_list":["post-9347","post","type-post","status-publish","format-standard","has-post-thumbnail","hentry","category-gremiales","category-nacionales","category-politica","tag-aerolineas-argentinas","tag-franco-mogetta","tag-gobierno","tag-gremios","tag-privatizacion"],"_links":{"self":[{"href":"https:\/\/partediario.com.ar\/index.php?rest_route=\/wp\/v2\/posts\/9347","targetHints":{"allow":["GET"]}}],"collection":[{"href":"https:\/\/partediario.com.ar\/index.php?rest_route=\/wp\/v2\/posts"}],"about":[{"href":"https:\/\/partediario.com.ar\/index.php?rest_route=\/wp\/v2\/types\/post"}],"author":[{"embeddable":true,"href":"https:\/\/partediario.com.ar\/index.php?rest_route=\/wp\/v2\/users\/2"}],"replies":[{"embeddable":true,"href":"https:\/\/partediario.com.ar\/index.php?rest_route=%2Fwp%2Fv2%2Fcomments&post=9347"}],"version-history":[{"count":1,"href":"https:\/\/partediario.com.ar\/index.php?rest_route=\/wp\/v2\/posts\/9347\/revisions"}],"predecessor-version":[{"id":9349,"href":"https:\/\/partediario.com.ar\/index.php?rest_route=\/wp\/v2\/posts\/9347\/revisions\/9349"}],"wp:featuredmedia":[{"embeddable":true,"href":"https:\/\/partediario.com.ar\/index.php?rest_route=\/wp\/v2\/media\/9348"}],"wp:attachment":[{"href":"https:\/\/partediario.com.ar\/index.php?rest_route=%2Fwp%2Fv2%2Fmedia&parent=9347"}],"wp:term":[{"taxonomy":"category","embeddable":true,"href":"https:\/\/partediario.com.ar\/index.php?rest_route=%2Fwp%2Fv2%2Fcategories&post=9347"},{"taxonomy":"post_tag","embeddable":true,"href":"https:\/\/partediario.com.ar\/index.php?rest_route=%2Fwp%2Fv2%2Ftags&post=9347"}],"curies":[{"name":"wp","href":"https:\/\/api.w.org\/{rel}","templated":true}]}}