{"id":9353,"date":"2024-11-15T11:17:09","date_gmt":"2024-11-15T14:17:09","guid":{"rendered":"https:\/\/partediario.com.ar\/?p=9353"},"modified":"2024-11-17T10:54:18","modified_gmt":"2024-11-17T13:54:18","slug":"noticias-sobre-la-salud-de-jorge-lanata-cual-es-la-clinica-donde-sera-trasladado","status":"publish","type":"post","link":"https:\/\/partediario.com.ar\/?p=9353","title":{"rendered":"Noticias sobre la salud de Jorge Lanata: cual es la cl\u00ednica donde ser\u00e1 trasladado"},"content":{"rendered":"\n<h3 class=\"wp-block-heading\">El 14 de noviembre se cumplieron cinco meses desde que Jorge Lanata ingres\u00f3 al Hospital Italiano por una infecci\u00f3n urinaria. Desde entonces, el periodista sufri\u00f3 distintas compliaciones en su salud y debi\u00f3 ser sometido a cuatro cirug\u00edas por su isquemia intestinal.<\/h3>\n\n\n\n<p>Durante esta semana, el equipo m\u00e9dico del Hospital Italiano y la familia del periodista mantuvieron una reuni\u00f3n junto a especialistas de la Cl\u00ednica Santa Catalina, donde permaneci\u00f3 unas semanas previo a su isquemia intestinal, y del Instituto Fleni en Escobar.<\/p>\n\n\n\n<p>Finalmente, la pr\u00f3xima semana lo trasladar\u00edan al centro de Neurorehabilitaci\u00f3n Santa Catalina, para avanzar con su evoluci\u00f3n.<\/p>\n\n\n\n<p>El m\u00e9dico y periodista, Mart\u00edn Carrizo, se comunic\u00f3 con B\u00e1rbara Lanata, la hija mayor del periodista, y comparti\u00f3 novedades sobre la salud del conductor de Radio Mitre.<\/p>\n\n\n\n<p>\u201cHabl\u00e9 con B\u00e1rbara Lanata. Jorge est\u00e1 un poco mejor, ma\u00f1ana le colocar\u00edan el bot\u00f3n g\u00e1strico, y ya est\u00e1 confirmado su traslado al centro de Neurorehabilitaci\u00f3n Santa Catalina bajo algunos recaudos el d\u00eda martes o mi\u00e9rcoles de la pr\u00f3xima semana\u201d, precis\u00f3.<\/p>\n\n\n\n<p>Ademas, Carrizo remarc\u00f3 que hay que ser cautos con la informaci\u00f3n que se difunde, debido a que se trata de un paciente de riesgo, y que el d\u00eda de traslado depender\u00e1 de la evoluci\u00f3n que haya en su salud.<\/p>\n","protected":false},"excerpt":{"rendered":"<p>El 14 de noviembre se cumplieron cinco meses desde que Jorge Lanata ingres&oacute; al Hospital Italiano por una infecci&oacute;n urinaria. Desde entonces, el periodista sufri&oacute; distintas compliaciones en su salud y debi&oacute; ser sometido a cuatro cirug&iacute;as por su isquemia intestinal. Durante esta semana, el equipo m&eacute;dico del Hospital Italiano y la familia del periodista [&hellip;]<\/p>\n","protected":false},"author":2,"featured_media":9055,"comment_status":"open","ping_status":"open","sticky":false,"template":"","format":"standard","meta":{"footnotes":""},"categories":[726],"tags":[3330,541,306,3331],"class_list":["post-9353","post","type-post","status-publish","format-standard","has-post-thumbnail","hentry","category-sociedad","tag-clinica","tag-jorge-lanata","tag-salud","tag-santa-catalina"],"_links":{"self":[{"href":"https:\/\/partediario.com.ar\/index.php?rest_route=\/wp\/v2\/posts\/9353","targetHints":{"allow":["GET"]}}],"collection":[{"href":"https:\/\/partediario.com.ar\/index.php?rest_route=\/wp\/v2\/posts"}],"about":[{"href":"https:\/\/partediario.com.ar\/index.php?rest_route=\/wp\/v2\/types\/post"}],"author":[{"embeddable":true,"href":"https:\/\/partediario.com.ar\/index.php?rest_route=\/wp\/v2\/users\/2"}],"replies":[{"embeddable":true,"href":"https:\/\/partediario.com.ar\/index.php?rest_route=%2Fwp%2Fv2%2Fcomments&post=9353"}],"version-history":[{"count":1,"href":"https:\/\/partediario.com.ar\/index.php?rest_route=\/wp\/v2\/posts\/9353\/revisions"}],"predecessor-version":[{"id":9354,"href":"https:\/\/partediario.com.ar\/index.php?rest_route=\/wp\/v2\/posts\/9353\/revisions\/9354"}],"wp:featuredmedia":[{"embeddable":true,"href":"https:\/\/partediario.com.ar\/index.php?rest_route=\/wp\/v2\/media\/9055"}],"wp:attachment":[{"href":"https:\/\/partediario.com.ar\/index.php?rest_route=%2Fwp%2Fv2%2Fmedia&parent=9353"}],"wp:term":[{"taxonomy":"category","embeddable":true,"href":"https:\/\/partediario.com.ar\/index.php?rest_route=%2Fwp%2Fv2%2Fcategories&post=9353"},{"taxonomy":"post_tag","embeddable":true,"href":"https:\/\/partediario.com.ar\/index.php?rest_route=%2Fwp%2Fv2%2Ftags&post=9353"}],"curies":[{"name":"wp","href":"https:\/\/api.w.org\/{rel}","templated":true}]}}