{"id":9369,"date":"2024-11-17T10:37:30","date_gmt":"2024-11-17T13:37:30","guid":{"rendered":"https:\/\/partediario.com.ar\/?p=9369"},"modified":"2024-11-20T08:32:15","modified_gmt":"2024-11-20T11:32:15","slug":"milei-compartio-una-cena-con-macron-en-olivos","status":"publish","type":"post","link":"https:\/\/partediario.com.ar\/?p=9369","title":{"rendered":"Milei comparti\u00f3 una cena con Macron en Olivos"},"content":{"rendered":"\n<h3 class=\"wp-block-heading\">El presidente de la Naci\u00f3n, Javier Milei, recibi\u00f3 al mandatario franc\u00e9s, Emmanuel Macron, deonde compartieron una cena en la Quinta de Olivos, que marc\u00f3 el inicio de la agenda oficial del jefe de Estado galo en la Argentina.<\/h3>\n\n\n\n<p>Macron arrib\u00f3 al aeropuerto de Ezeiza minutos antes de las 19 acompa\u00f1ado de su esposa, Brigitte Macron, quien form\u00f3 parte de la velada en la residencia presidencial junto al jefe de Estado argentino y la secretaria general de la Presidencia, Karina Milei.<\/p>\n\n\n\n<p>El mandatario franc\u00e9s lleg\u00f3 a Buenos Aires en la previa de la Cumbre del G20 que se llevar\u00e1 adelante entre el lunes y martes pr\u00f3ximo en la ciudad brasile\u00f1a de R\u00edo de Janeiro.<\/p>\n\n\n\n<p>Luego de la cena de esta noche con Milei, la agenda del mandatario europeo en Argentina continuar\u00e1 este domingo desde las 9 en la Iglesia de la Santa Cruz, donde colocar\u00e1 una ofrenda floral para homenajear a las monjas francesas, Alice Domon y L\u00e9onie Duquet, asesinadas durante la \u00faltima dictadura militar.<\/p>\n\n\n\n<p>Luego, a las 10 formar\u00e1n parte de otra ceremonia en honor al libertador Jos\u00e9 de San Mart\u00edn, en la plaza porte\u00f1a que lleva el mismo nombre.<\/p>\n\n\n\n<p>Posteriormente, el jefe de Estado argentino y el mandatario galo se encontrar\u00e1n formalmente desde las 10.30 en Casa de Gobierno para una reuni\u00f3n bilateral en el despacho presidencial. Mientras que m\u00e1s tarde, ambos protagonizar\u00e1n una reuni\u00f3n ampliada con ministros argentinos y la comitiva francesa.<\/p>\n\n\n\n<p>Tras el encuentro con Milei, Macron partir\u00e1 a las 14 hacia R\u00edo de Janeiro para formar parte del G20, foro del que tambi\u00e9n participar\u00e1 el mandatario argentino.<\/p>\n","protected":false},"excerpt":{"rendered":"<p>El presidente de la Naci&oacute;n, Javier Milei, recibi&oacute; al mandatario franc&eacute;s, Emmanuel Macron, deonde compartieron una cena en la Quinta de Olivos, que marc&oacute; el inicio de la agenda oficial del jefe de Estado galo en la Argentina. Macron arrib&oacute; al aeropuerto de Ezeiza minutos antes de las 19 acompa&ntilde;ado de su esposa, Brigitte Macron, [&hellip;]<\/p>\n","protected":false},"author":2,"featured_media":9370,"comment_status":"open","ping_status":"open","sticky":false,"template":"","format":"standard","meta":{"footnotes":""},"categories":[5,176],"tags":[4242,338,232,2653],"class_list":["post-9369","post","type-post","status-publish","format-standard","has-post-thumbnail","hentry","category-nacionales","category-politica","tag-cena","tag-emmanuel-macron","tag-javier-milei","tag-quinta-olivos"],"_links":{"self":[{"href":"https:\/\/partediario.com.ar\/index.php?rest_route=\/wp\/v2\/posts\/9369","targetHints":{"allow":["GET"]}}],"collection":[{"href":"https:\/\/partediario.com.ar\/index.php?rest_route=\/wp\/v2\/posts"}],"about":[{"href":"https:\/\/partediario.com.ar\/index.php?rest_route=\/wp\/v2\/types\/post"}],"author":[{"embeddable":true,"href":"https:\/\/partediario.com.ar\/index.php?rest_route=\/wp\/v2\/users\/2"}],"replies":[{"embeddable":true,"href":"https:\/\/partediario.com.ar\/index.php?rest_route=%2Fwp%2Fv2%2Fcomments&post=9369"}],"version-history":[{"count":1,"href":"https:\/\/partediario.com.ar\/index.php?rest_route=\/wp\/v2\/posts\/9369\/revisions"}],"predecessor-version":[{"id":9371,"href":"https:\/\/partediario.com.ar\/index.php?rest_route=\/wp\/v2\/posts\/9369\/revisions\/9371"}],"wp:featuredmedia":[{"embeddable":true,"href":"https:\/\/partediario.com.ar\/index.php?rest_route=\/wp\/v2\/media\/9370"}],"wp:attachment":[{"href":"https:\/\/partediario.com.ar\/index.php?rest_route=%2Fwp%2Fv2%2Fmedia&parent=9369"}],"wp:term":[{"taxonomy":"category","embeddable":true,"href":"https:\/\/partediario.com.ar\/index.php?rest_route=%2Fwp%2Fv2%2Fcategories&post=9369"},{"taxonomy":"post_tag","embeddable":true,"href":"https:\/\/partediario.com.ar\/index.php?rest_route=%2Fwp%2Fv2%2Ftags&post=9369"}],"curies":[{"name":"wp","href":"https:\/\/api.w.org\/{rel}","templated":true}]}}