{"id":9379,"date":"2024-11-17T10:53:51","date_gmt":"2024-11-17T13:53:51","guid":{"rendered":"https:\/\/partediario.com.ar\/?p=9379"},"modified":"2024-11-20T08:32:05","modified_gmt":"2024-11-20T11:32:05","slug":"el-papa-francisco-solicita-una-investigacion-sobre-posibles-crimenes-de-genocidio-en-gaza","status":"publish","type":"post","link":"https:\/\/partediario.com.ar\/?p=9379","title":{"rendered":"El Papa Francisco solicita una investigaci\u00f3n sobre posibles cr\u00edmenes de genocidio en Gaza"},"content":{"rendered":"\n<h3 class=\"wp-block-heading\">El Papa Francisco ha pedido que se lleve a cabo una investigaci\u00f3n para determinar si los ataques de Israel en Gaza pueden ser considerados como genocidio. La declaraci\u00f3n fue extractada el domingo a trav\u00e9s de fragmentos de un pr\u00f3ximo libro, que se publicar\u00e1 antes del a\u00f1o jubilar del pont\u00edfice en 2025.<\/h3>\n\n\n\n<p>Es la primera ocasi\u00f3n en que Francisco insta abiertamente a investigar acusaciones de genocidio relacionadas con las acciones de Israel en la Franja de Gaza. En septiembre, el pont\u00edfice calific\u00f3 los ataques de Israel en Gaza y el L\u00edbano como \u00abinmorales\u00bb y desproporcionados, destacando que las acciones militares hab\u00edan excedido las normas de la guerra.<\/p>\n\n\n\n<p><\/p>\n\n\n\n<figure class=\"wp-block-image size-full\"><img loading=\"lazy\" decoding=\"async\" width=\"705\" height=\"720\" src=\"https:\/\/partediario.com.ar\/wp-content\/uploads\/Papa-Francisco.webp\" alt=\"\" class=\"wp-image-9380\" srcset=\"https:\/\/partediario.com.ar\/wp-content\/uploads\/Papa-Francisco.webp 705w, https:\/\/partediario.com.ar\/wp-content\/uploads\/Papa-Francisco-294x300.webp 294w\" sizes=\"auto, (max-width: 705px) 100vw, 705px\" \/><\/figure>\n\n\n\n<p><\/p>\n\n\n\n<p>El libro, titulado \u201cLa esperanza nunca defrauda. Peregrinos hacia un mundo mejor\u201d, es obra de Hern\u00e1n Reyes Alcaide y recoge entrevistas con el Papa. Est\u00e1 programado para su lanzamiento el martes, en v\u00edsperas del Jubileo de 2025. Este evento, que se extender\u00e1 por un a\u00f1o, se estima atraer\u00e1 a m\u00e1s de 30 millones de peregrinos a Roma para celebrar el A\u00f1o Santo.<\/p>\n\n\n\n<p>En los extractos publicados el domingo por el diario italiano La Stampa, el Papa asegur\u00f3: \u201cSeg\u00fan algunos expertos, lo que est\u00e1 ocurriendo en Gaza tiene las caracter\u00edsticas de un genocidio.\u201d<\/p>\n\n\n\n<p>El comentario del pont\u00edfice refleja su postura sobre las crisis humanitarias y los conflictos en la regi\u00f3n. Las declaraciones se producen en un contexto de tensiones prolongadas entre Israel y Palestina, donde las acciones militares han generado un debate internacional sobre el respeto a las leyes de guerra y los derechos humanos.<\/p>\n\n\n\n<p>El llamado del Papa Francisco para investigar estas acusaciones destaca la preocupaci\u00f3n del Vaticano por las repercusiones humanitarias del conflicto en Gaza y refuerza su posici\u00f3n de abogar por una soluci\u00f3n pac\u00edfica y justa en la regi\u00f3n.<\/p>\n","protected":false},"excerpt":{"rendered":"<p>El Papa Francisco ha pedido que se lleve a cabo una investigaci&oacute;n para determinar si los ataques de Israel en Gaza pueden ser considerados como genocidio. La declaraci&oacute;n fue extractada el domingo a trav&eacute;s de fragmentos de un pr&oacute;ximo libro, que se publicar&aacute; antes del a&ntilde;o jubilar del pont&iacute;fice en 2025. Es la primera ocasi&oacute;n [&hellip;]<\/p>\n","protected":false},"author":2,"featured_media":9381,"comment_status":"open","ping_status":"open","sticky":false,"template":"","format":"standard","meta":{"footnotes":""},"categories":[9,176,726],"tags":[234,4245,235,336],"class_list":["post-9379","post","type-post","status-publish","format-standard","has-post-thumbnail","hentry","category-internacionales","category-politica","category-sociedad","tag-gaza","tag-genocidio","tag-israel","tag-papa-francisco"],"_links":{"self":[{"href":"https:\/\/partediario.com.ar\/index.php?rest_route=\/wp\/v2\/posts\/9379","targetHints":{"allow":["GET"]}}],"collection":[{"href":"https:\/\/partediario.com.ar\/index.php?rest_route=\/wp\/v2\/posts"}],"about":[{"href":"https:\/\/partediario.com.ar\/index.php?rest_route=\/wp\/v2\/types\/post"}],"author":[{"embeddable":true,"href":"https:\/\/partediario.com.ar\/index.php?rest_route=\/wp\/v2\/users\/2"}],"replies":[{"embeddable":true,"href":"https:\/\/partediario.com.ar\/index.php?rest_route=%2Fwp%2Fv2%2Fcomments&post=9379"}],"version-history":[{"count":1,"href":"https:\/\/partediario.com.ar\/index.php?rest_route=\/wp\/v2\/posts\/9379\/revisions"}],"predecessor-version":[{"id":9382,"href":"https:\/\/partediario.com.ar\/index.php?rest_route=\/wp\/v2\/posts\/9379\/revisions\/9382"}],"wp:featuredmedia":[{"embeddable":true,"href":"https:\/\/partediario.com.ar\/index.php?rest_route=\/wp\/v2\/media\/9381"}],"wp:attachment":[{"href":"https:\/\/partediario.com.ar\/index.php?rest_route=%2Fwp%2Fv2%2Fmedia&parent=9379"}],"wp:term":[{"taxonomy":"category","embeddable":true,"href":"https:\/\/partediario.com.ar\/index.php?rest_route=%2Fwp%2Fv2%2Fcategories&post=9379"},{"taxonomy":"post_tag","embeddable":true,"href":"https:\/\/partediario.com.ar\/index.php?rest_route=%2Fwp%2Fv2%2Ftags&post=9379"}],"curies":[{"name":"wp","href":"https:\/\/api.w.org\/{rel}","templated":true}]}}