{"id":9383,"date":"2024-11-17T12:27:51","date_gmt":"2024-11-17T15:27:51","guid":{"rendered":"https:\/\/partediario.com.ar\/?p=9383"},"modified":"2024-11-17T12:27:52","modified_gmt":"2024-11-17T15:27:52","slug":"entre-rios-avanza-el-operativo-para-la-construccion-de-130-modulos-habitacionales-de-emergencia-en-concordia","status":"publish","type":"post","link":"https:\/\/partediario.com.ar\/?p=9383","title":{"rendered":"Entre R\u00edos: avanza el operativo para la construcci\u00f3n de 130 m\u00f3dulos habitacionales de emergencia en Concordia"},"content":{"rendered":"\n<h3 class=\"wp-block-heading\">Est\u00e1 en plena marcha el operativo para la construcci\u00f3n de 130 m\u00f3dulos habitacionales, de un total de 500 que planea desarrollar la provincia, y que llevar\u00e1 adelante la ONG TECHO en conjunto con el gobierno de Entre R\u00edos y con el municipio de Concordia. Beneficiar\u00e1n a familias vulnerables de los barrios Jos\u00e9 Hern\u00e1ndez, 27 de noviembre y La Roca, de esa ciudad.<\/h3>\n\n\n\n<p>El proceso se inici\u00f3 con la firma de un convenio de colaboraci\u00f3n entre el gobierno de Entre R\u00edos, la municipalidad de Concordia y la ONG TECHO en el mes de septiembre, donde acordaron la construcci\u00f3n en una primera etapa de 130 soluciones habitacionales de emergencia en barrios de esa ciudad. El operativo es coordinado por el Instituto de Viviendas y Tierras Aut\u00e1rquico Municipal (Invytam) de Concordia.<\/p>\n\n\n\n<p>El per\u00edodo de construcci\u00f3n es del 25 de noviembre al 1 de diciembre en los barrios Jos\u00e9 Hern\u00e1ndez, 27 de noviembre y La Roca, para lo cual se espera la colaboraci\u00f3n de entre 500 y 700 voluntarios provenientes de 11 provincias; ya se sumaron unos 150 de Concordia.<\/p>\n\n\n\n<p>El trabajo arranc\u00f3 en septiembre con la firma del convenio y la resoluci\u00f3n de ordenanza municipal, en tanto que en los dos primeros fines de semana de octubre se llev\u00f3 a cabo el trabajo comunitario en territorio para preseleccionar los grupos familiares. Para ello, a trav\u00e9s del trabajo de voluntarios, se realizaron encuestamientos a vecinos y reuniones informativas sobre el proceso, previo a designar a las 130 familias beneficiadas.<\/p>\n\n\n\n<p>Posteriormente, tambi\u00e9n a instancias comunitarias, se realizaron las jornadas de asignaciones, tomando como base la preselecci\u00f3n previa. De 200 grupos familiares que fueron preseleccionados en la instancia territorial, se asignaron los 130 que ser\u00e1n beneficiados con un m\u00f3dulo habitacional en esta primera etapa. En el barrio 27 de Noviembre, se construir\u00e1n 98 unidades; en Jos\u00e9 Hern\u00e1ndez, 19 unidades; y en La Roca, 15 unidades.<\/p>\n\n\n\n<p>A partir de eso, comenz\u00f3 la log\u00edstica, con la llegada del material desde la f\u00e1brica social de TECHO, tanto de Misiones como de Buenos Aires, a la planta de Concordia, donde se dispuso un galp\u00f3n de acopio. All\u00ed se alojan los m\u00f3dulos sanitarios, las placas de cada uno de los m\u00f3dulos habitacionales y dem\u00e1s.<\/p>\n\n\n\n<p>En tanto, el pr\u00f3ximo fin de semana comenzar\u00e1 la descarga y custodia de los materiales en los terrenos donde se construir\u00e1 cada m\u00f3dulo en los tres barrios asignados, para ya encarar el proceso de construcci\u00f3n, que en principio comenzar\u00e1 el 25 de noviembre.<\/p>\n\n\n\n<p>Actualmente est\u00e1 abierta la convocatoria para quienes deseen ser parte de esta experiencia de voluntariado, ayudando en la descarga y preparaci\u00f3n de materiales. Los interesados pueden inscribirse a trav\u00e9s del siguiente enlace: https:\/\/bit.ly\/VoluntariadoTECHO-ER, no es necesario tener experiencia previa. Ya se sumaron voluntarios de todo el pa\u00eds y de Concordia para las instancias comunitarias de preselecci\u00f3n y de adjudicaci\u00f3n; y ahora se har\u00e1 para lo que ser\u00e1 la semana de la construcci\u00f3n, en dos etapas: la primera el 25, 26 y 27 de noviembre; o la segunda etapa, que es el 29 y 31 de noviembre y 1 de diciembre.<\/p>\n\n\n\n<p>Las viviendas, dise\u00f1adas como soluciones habitacionales de emergencia, tienen una superficie de 24 metros cuadrados y est\u00e1n equipadas con un kit el\u00e9ctrico seguro y un anexo sanitario que incluye ducha, inodoro, calef\u00f3n y bachas. Estos m\u00f3dulos proporcionan un ambiente seguro, c\u00e1lido y seco, respondiendo a las necesidades inmediatas de las familias.<\/p>\n","protected":false},"excerpt":{"rendered":"<p>Est&aacute; en plena marcha el operativo para la construcci&oacute;n de 130 m&oacute;dulos habitacionales, de un total de 500 que planea desarrollar la provincia, y que llevar&aacute; adelante la ONG TECHO en conjunto con el gobierno de Entre R&iacute;os y con el municipio de Concordia. Beneficiar&aacute;n a familias vulnerables de los barrios Jos&eacute; Hern&aacute;ndez, 27 de [&hellip;]<\/p>\n","protected":false},"author":2,"featured_media":9384,"comment_status":"open","ping_status":"open","sticky":false,"template":"","format":"standard","meta":{"footnotes":""},"categories":[8],"tags":[398,257,4247,4246],"class_list":["post-9383","post","type-post","status-publish","format-standard","has-post-thumbnail","hentry","category-provinciales","tag-concordia","tag-entre-rios","tag-habitacionales","tag-modulos"],"_links":{"self":[{"href":"https:\/\/partediario.com.ar\/index.php?rest_route=\/wp\/v2\/posts\/9383","targetHints":{"allow":["GET"]}}],"collection":[{"href":"https:\/\/partediario.com.ar\/index.php?rest_route=\/wp\/v2\/posts"}],"about":[{"href":"https:\/\/partediario.com.ar\/index.php?rest_route=\/wp\/v2\/types\/post"}],"author":[{"embeddable":true,"href":"https:\/\/partediario.com.ar\/index.php?rest_route=\/wp\/v2\/users\/2"}],"replies":[{"embeddable":true,"href":"https:\/\/partediario.com.ar\/index.php?rest_route=%2Fwp%2Fv2%2Fcomments&post=9383"}],"version-history":[{"count":1,"href":"https:\/\/partediario.com.ar\/index.php?rest_route=\/wp\/v2\/posts\/9383\/revisions"}],"predecessor-version":[{"id":9385,"href":"https:\/\/partediario.com.ar\/index.php?rest_route=\/wp\/v2\/posts\/9383\/revisions\/9385"}],"wp:featuredmedia":[{"embeddable":true,"href":"https:\/\/partediario.com.ar\/index.php?rest_route=\/wp\/v2\/media\/9384"}],"wp:attachment":[{"href":"https:\/\/partediario.com.ar\/index.php?rest_route=%2Fwp%2Fv2%2Fmedia&parent=9383"}],"wp:term":[{"taxonomy":"category","embeddable":true,"href":"https:\/\/partediario.com.ar\/index.php?rest_route=%2Fwp%2Fv2%2Fcategories&post=9383"},{"taxonomy":"post_tag","embeddable":true,"href":"https:\/\/partediario.com.ar\/index.php?rest_route=%2Fwp%2Fv2%2Ftags&post=9383"}],"curies":[{"name":"wp","href":"https:\/\/api.w.org\/{rel}","templated":true}]}}