{"id":9406,"date":"2024-11-18T17:58:37","date_gmt":"2024-11-18T20:58:37","guid":{"rendered":"https:\/\/partediario.com.ar\/?p=9406"},"modified":"2024-11-20T08:31:21","modified_gmt":"2024-11-20T11:31:21","slug":"capital-humano-anuncio-que-este-miercoles-se-tomara-la-prueba-aprender","status":"publish","type":"post","link":"https:\/\/partediario.com.ar\/?p=9406","title":{"rendered":"Capital Humano anunci\u00f3 que este mi\u00e9rcoles se tomar\u00e1 la prueba \u00abAprender\u00bb"},"content":{"rendered":"\n<h3 class=\"wp-block-heading\">El ministerio de Capital Humano anunci\u00f3 que este mi\u00e9rcoles se tomar\u00e1 la prueba \u00abAprender\u00bb dentro del marco del Plan Nacional de Alfabetizaci\u00f3n realizado por la gesti\u00f3n del presidente Javier Milei.<\/h3>\n\n\n\n<p>La cartera encabezada por Sandra Pettovello inform\u00f3 que participaran \u201c105.863 estudiantes de 3er. grado de 4.292 escuelas\u201d y que dicho examen se realizar\u00e1 en escuelas rurales, urbanas, de gesti\u00f3n estatal y privadas.<\/p>\n\n\n\n<p>\u201cSe evaluar\u00e1n los aprendizajes en Lengua del primer ciclo de primaria con el objetivo de medir el nivel de competencia lectora de los estudiantes. Esta evaluaci\u00f3n permitir\u00e1 analizar y mejorar los \u00edndices de lectoescritura de las 23 provincias y la Ciudad de Buenos Aires\u201d, se\u00f1al\u00f3 formalmente Capital Humano.<\/p>\n\n\n\n<p>De acuerdo a las im\u00e1genes publicadas en las redes sociales del ministerio, la prueba Aprender \u201cmejorar la educaci\u00f3n \u201dy es \u201cfundamental para el pa\u00eds\u201d, porque \u201cbrinda informaci\u00f3n necesaria\u201d de algunos aprendizajes de los alumnos \u201cen las distintas etapas del sistema educativo\u201d.<\/p>\n\n\n\n<p>La evaluaci\u00f3n se llevar\u00e1 a cabo mediante tres cuadernillos donde, en los dos primeros, los estudiantes resolver\u00e1n ejercicios de lectura y responder\u00e1n preguntas de opci\u00f3n m\u00faltiple, sobre distintos tipo de texto; en el tercero, contestar\u00e1n preguntas sobre su experiencia en la escuela y el entorno en el que viven.<\/p>\n\n\n\n<p>Paralelamente, directores y docentes responder\u00e1n esos cuestionarios de los que se obtendr\u00e1 informaci\u00f3n sobre las caracter\u00edsticas y recursos que tienen cada una de las escuelas, como tambi\u00e9n las estrategias de ense\u00f1anza y el clima escolar.<\/p>\n\n\n\n<p>\u201cLos resultados permitir\u00e1n diagnosticar el estado de los aprendizajes y contribuir\u00e1n a la toma de decisiones orientadas a fortalecer el plan nacional y los planes jurisdiccionales de alfabetizaci\u00f3n. Por eso, la prueba Aprender es una herramienta fundamental para generar el cambio que buscamos\u201d, finaliza el comunicado.<\/p>\n","protected":false},"excerpt":{"rendered":"<p>El ministerio de Capital Humano anunci&oacute; que este mi&eacute;rcoles se tomar&aacute; la prueba &laquo;Aprender&raquo; dentro del marco del Plan Nacional de Alfabetizaci&oacute;n realizado por la gesti&oacute;n del presidente Javier Milei. La cartera encabezada por Sandra Pettovello inform&oacute; que participaran &ldquo;105.863 estudiantes de 3er. grado de 4.292 escuelas&rdquo; y que dicho examen se realizar&aacute; en escuelas [&hellip;]<\/p>\n","protected":false},"author":2,"featured_media":9407,"comment_status":"open","ping_status":"open","sticky":false,"template":"","format":"standard","meta":{"footnotes":""},"categories":[5,726],"tags":[4261,895,232,4260,377],"class_list":["post-9406","post","type-post","status-publish","format-standard","has-post-thumbnail","hentry","category-nacionales","category-sociedad","tag-aprender","tag-capital-humano","tag-javier-milei","tag-prueba","tag-sandra-petovello"],"_links":{"self":[{"href":"https:\/\/partediario.com.ar\/index.php?rest_route=\/wp\/v2\/posts\/9406","targetHints":{"allow":["GET"]}}],"collection":[{"href":"https:\/\/partediario.com.ar\/index.php?rest_route=\/wp\/v2\/posts"}],"about":[{"href":"https:\/\/partediario.com.ar\/index.php?rest_route=\/wp\/v2\/types\/post"}],"author":[{"embeddable":true,"href":"https:\/\/partediario.com.ar\/index.php?rest_route=\/wp\/v2\/users\/2"}],"replies":[{"embeddable":true,"href":"https:\/\/partediario.com.ar\/index.php?rest_route=%2Fwp%2Fv2%2Fcomments&post=9406"}],"version-history":[{"count":1,"href":"https:\/\/partediario.com.ar\/index.php?rest_route=\/wp\/v2\/posts\/9406\/revisions"}],"predecessor-version":[{"id":9408,"href":"https:\/\/partediario.com.ar\/index.php?rest_route=\/wp\/v2\/posts\/9406\/revisions\/9408"}],"wp:featuredmedia":[{"embeddable":true,"href":"https:\/\/partediario.com.ar\/index.php?rest_route=\/wp\/v2\/media\/9407"}],"wp:attachment":[{"href":"https:\/\/partediario.com.ar\/index.php?rest_route=%2Fwp%2Fv2%2Fmedia&parent=9406"}],"wp:term":[{"taxonomy":"category","embeddable":true,"href":"https:\/\/partediario.com.ar\/index.php?rest_route=%2Fwp%2Fv2%2Fcategories&post=9406"},{"taxonomy":"post_tag","embeddable":true,"href":"https:\/\/partediario.com.ar\/index.php?rest_route=%2Fwp%2Fv2%2Ftags&post=9406"}],"curies":[{"name":"wp","href":"https:\/\/api.w.org\/{rel}","templated":true}]}}