{"id":9415,"date":"2024-11-19T10:07:32","date_gmt":"2024-11-19T13:07:32","guid":{"rendered":"https:\/\/partediario.com.ar\/?p=9415"},"modified":"2024-11-19T10:07:32","modified_gmt":"2024-11-19T13:07:32","slug":"miles-de-personas-visitaron-durante-tres-dias-la-feria-disena-parana","status":"publish","type":"post","link":"https:\/\/partediario.com.ar\/?p=9415","title":{"rendered":"Miles de personas visitaron durante tres d\u00edas la feria Dise\u00f1a Paran\u00e1"},"content":{"rendered":"\n<h3 class=\"wp-block-heading\">El cierre fue este lunes. En Sala Mayo hubo m\u00e1s de 80 dise\u00f1adores y dise\u00f1adoras y un sector gastron\u00f3mico. La intendenta Rosario Romero acompa\u00f1\u00f3 el evento que cada a\u00f1o busca contribuir al desarrollo de un nuevo sector de la econom\u00eda local.<\/h3>\n\n\n\n<p>El subsecretario de Producci\u00f3n, Oscar Bustamante, destac\u00f3 la acci\u00f3n que es parte del programa Dise\u00f1a Paran\u00e1: \u201cRepresent\u00f3 una apuesta de la gesti\u00f3n de la intendenta Rosario Romero a continuar fortaleciendo el dise\u00f1o como un sector econ\u00f3mico, de desarrollo de nuestros dise\u00f1adores y dise\u00f1adoras y de generaci\u00f3n de empleo privado\u201d, se\u00f1al\u00f3.<\/p>\n\n\n\n<p>La coordinadora del programa Marca Paran\u00e1, Anbel Waigandt, expres\u00f3: \u201cLos tres d\u00edas la feria se vio colmada. Los emprendedores est\u00e1n muy contentos porque todos han vendido y han podido, adem\u00e1s de mostrar sus productos, hacer crecer sus redes sociales, que es un objetivo de esta iniciativa, que significa una gran vidriera\u201d.<\/p>\n\n\n\n<p>Este lunes, d\u00eda de cierre, se realiz\u00f3 un desfile de Pro Moda, donde institutos y academias presentaron prendas confeccionadas, inspiradas en \u00e1rboles aut\u00f3ctonos y en Paran\u00e1 Capital de la Confederaci\u00f3n.<\/p>\n\n\n\n<p>Desde el s\u00e1bado visitaron la feria paranaenses y turistas que destacaron la propuesta, la calidad y la originalidad de los dise\u00f1os. Adem\u00e1s, hubo intervenciones art\u00edsticas en la explanada de Sala Mayo.<\/p>\n\n\n\n<p><\/p>\n\n\n\n<figure class=\"wp-block-image size-large\"><img loading=\"lazy\" decoding=\"async\" width=\"1024\" height=\"682\" src=\"https:\/\/partediario.com.ar\/wp-content\/uploads\/1732017227_cc9c63e1ea24f02a2340-1024x682.jpeg\" alt=\"\" class=\"wp-image-9416\" srcset=\"https:\/\/partediario.com.ar\/wp-content\/uploads\/1732017227_cc9c63e1ea24f02a2340-1024x682.jpeg 1024w, https:\/\/partediario.com.ar\/wp-content\/uploads\/1732017227_cc9c63e1ea24f02a2340-300x200.jpeg 300w, https:\/\/partediario.com.ar\/wp-content\/uploads\/1732017227_cc9c63e1ea24f02a2340-768x511.jpeg 768w, https:\/\/partediario.com.ar\/wp-content\/uploads\/1732017227_cc9c63e1ea24f02a2340.jpeg 1352w\" sizes=\"auto, (max-width: 1024px) 100vw, 1024px\" \/><\/figure>\n\n\n\n<p><\/p>\n\n\n\n<p><strong>Emprendedores<\/strong><\/p>\n\n\n\n<p>Clorinda Mateos, de la marca Santa Clorinda, fabrica de cer\u00e1mica modelada, remarc\u00f3: \u201cLa organizaci\u00f3n fue muy buena, a\u00f1o a a\u00f1o se va superando. Hubo much\u00edsima gente y estoy muy contenta y agradecida\u201d.<\/p>\n\n\n\n<p>Ana Musso, del proyecto Anan\u00edas, trabaja con dise\u00f1o gr\u00e1fico aplicado a objetos. \u201cEstuvo buen\u00edsimo porque permite que nos conozcan. La gente valora lo que es de nuestra ciudad\u201d, indic\u00f3.<\/p>\n\n\n\n<p><strong>Sobre el programa Dise\u00f1a Paran\u00e1<\/strong><\/p>\n\n\n\n<p>Busca detectar, formar y asistir a emprendedores con orientaci\u00f3n al dise\u00f1o para contribuir al desarrollo de un nuevo sector de la econom\u00eda en la regi\u00f3n.<\/p>\n\n\n\n<p>Es parte del plan de acciones del programa Marca Paran\u00e1 y se lleva adelante con el trabajo articulado de la Municipalidad, las organizaciones integrantes del Consejo Asesor y emprendedores y dise\u00f1adores independientes. Esta edici\u00f3n se desarroll\u00f3 con el aporte t\u00e9cnico-profesional del Club de Emprendedores de Paran\u00e1, la Facultad de Ciencias Econ\u00f3micas y de Ciencias de la Educaci\u00f3n de la Universidad Nacional de Entre R\u00edos, la Facultad de Ciencias de la Gesti\u00f3n de la Universidad Aut\u00f3noma de Entre R\u00edos y el Instituto Nacional de Tecnolog\u00eda Industrial, en la etapa de clasificaciones y cl\u00ednicas.<\/p>\n\n\n\n<p>La edici\u00f3n 2024 de la feria Dise\u00f1a Paran\u00e1 recibi\u00f3 la declaraci\u00f3n de inter\u00e9s de la C\u00e1mara de Diputados de Entre R\u00edos.<\/p>\n","protected":false},"excerpt":{"rendered":"<p>El cierre fue este lunes. En Sala Mayo hubo m&aacute;s de 80 dise&ntilde;adores y dise&ntilde;adoras y un sector gastron&oacute;mico. La intendenta Rosario Romero acompa&ntilde;&oacute; el evento que cada a&ntilde;o busca contribuir al desarrollo de un nuevo sector de la econom&iacute;a local. El subsecretario de Producci&oacute;n, Oscar Bustamante, destac&oacute; la acci&oacute;n que es parte del programa [&hellip;]<\/p>\n","protected":false},"author":2,"featured_media":9417,"comment_status":"open","ping_status":"open","sticky":false,"template":"","format":"standard","meta":{"footnotes":""},"categories":[3272],"tags":[4265,257,627,797,265,242,996],"class_list":["post-9415","post","type-post","status-publish","format-standard","has-post-thumbnail","hentry","category-municipales","tag-disena-parana","tag-entre-rios","tag-feria","tag-oscar-bustamante","tag-parana","tag-rosario-romero","tag-visita"],"_links":{"self":[{"href":"https:\/\/partediario.com.ar\/index.php?rest_route=\/wp\/v2\/posts\/9415","targetHints":{"allow":["GET"]}}],"collection":[{"href":"https:\/\/partediario.com.ar\/index.php?rest_route=\/wp\/v2\/posts"}],"about":[{"href":"https:\/\/partediario.com.ar\/index.php?rest_route=\/wp\/v2\/types\/post"}],"author":[{"embeddable":true,"href":"https:\/\/partediario.com.ar\/index.php?rest_route=\/wp\/v2\/users\/2"}],"replies":[{"embeddable":true,"href":"https:\/\/partediario.com.ar\/index.php?rest_route=%2Fwp%2Fv2%2Fcomments&post=9415"}],"version-history":[{"count":1,"href":"https:\/\/partediario.com.ar\/index.php?rest_route=\/wp\/v2\/posts\/9415\/revisions"}],"predecessor-version":[{"id":9418,"href":"https:\/\/partediario.com.ar\/index.php?rest_route=\/wp\/v2\/posts\/9415\/revisions\/9418"}],"wp:featuredmedia":[{"embeddable":true,"href":"https:\/\/partediario.com.ar\/index.php?rest_route=\/wp\/v2\/media\/9417"}],"wp:attachment":[{"href":"https:\/\/partediario.com.ar\/index.php?rest_route=%2Fwp%2Fv2%2Fmedia&parent=9415"}],"wp:term":[{"taxonomy":"category","embeddable":true,"href":"https:\/\/partediario.com.ar\/index.php?rest_route=%2Fwp%2Fv2%2Fcategories&post=9415"},{"taxonomy":"post_tag","embeddable":true,"href":"https:\/\/partediario.com.ar\/index.php?rest_route=%2Fwp%2Fv2%2Ftags&post=9415"}],"curies":[{"name":"wp","href":"https:\/\/api.w.org\/{rel}","templated":true}]}}