{"id":9427,"date":"2024-11-19T11:41:50","date_gmt":"2024-11-19T14:41:50","guid":{"rendered":"https:\/\/partediario.com.ar\/?p=9427"},"modified":"2024-11-20T08:30:40","modified_gmt":"2024-11-20T11:30:40","slug":"los-funcionarios-del-estado-ya-no-estaran-obligados-a-adquirir-boletos-en-aerolineas-argentinas-con-exclusividad","status":"publish","type":"post","link":"https:\/\/partediario.com.ar\/?p=9427","title":{"rendered":"Los funcionarios del Estado ya no estar\u00e1n obligados a adquirir boletos en Aerol\u00edneas Argentinas con \u00abexclusividad\u00bb"},"content":{"rendered":"\n<h3 class=\"wp-block-heading\">La Jefatura de Gabinete de Ministros dispuso la derogaci\u00f3n de la Decisi\u00f3n Administrativa 244\/2013, que obligaba a las jurisdicciones y entidades del sector p\u00fablico a contratar exclusivamente con Aerol\u00edneas Argentinas y Austral L\u00edneas A\u00e9reas para los traslados de sus funcionarios y terceros.<\/h3>\n\n\n\n<p>La normativa original formaba parte del marco regulatorio establecido por el Decreto 1191\/2012, que buscaba priorizar la contrataci\u00f3n con empresas en las que el Estado Nacional tuviera participaci\u00f3n accionaria. Sin embargo, con el Decreto 70\/2023 que declar\u00f3 la emergencia p\u00fablica en m\u00faltiples aspectos hasta 2025, se introdujo un programa de desregulaci\u00f3n que limit\u00f3 los beneficios otorgados a dichas compa\u00f1\u00edas, y el posterior Decreto 747\/2024 elimin\u00f3 espec\u00edficamente la obligatoriedad de dichas contrataciones.<\/p>\n\n\n\n<p>El jefe de Gabinete, Guillermo Francos, y el ministro de Desregulaci\u00f3n, Federico Sturzenegger, por medio de la medida publicada hoy en el Bolet\u00edn Oficial bajo la Decisi\u00f3n Administrativa 1017\/2024, argumentaron que la medida busca garantizar un r\u00e9gimen de contrataciones m\u00e1s equitativo, basado en licitaciones p\u00fablicas y concursos que fomenten la transparencia y promuevan la concurrencia. La decisi\u00f3n entra en vigencia a partir de su publicaci\u00f3n.<\/p>\n","protected":false},"excerpt":{"rendered":"<p>La Jefatura de Gabinete de Ministros dispuso la derogaci&oacute;n de la Decisi&oacute;n Administrativa 244\/2013, que obligaba a las jurisdicciones y entidades del sector p&uacute;blico a contratar exclusivamente con Aerol&iacute;neas Argentinas y Austral L&iacute;neas A&eacute;reas para los traslados de sus funcionarios y terceros. La normativa original formaba parte del marco regulatorio establecido por el Decreto 1191\/2012, [&hellip;]<\/p>\n","protected":false},"author":2,"featured_media":9428,"comment_status":"open","ping_status":"open","sticky":false,"template":"","format":"standard","meta":{"footnotes":""},"categories":[5,176],"tags":[962,1484,4047,224,329],"class_list":["post-9427","post","type-post","status-publish","format-standard","has-post-thumbnail","hentry","category-nacionales","category-politica","tag-aerolineas-argentinas","tag-federico-sturzenegger","tag-funcionarios","tag-gobierno","tag-guillermo-francos"],"_links":{"self":[{"href":"https:\/\/partediario.com.ar\/index.php?rest_route=\/wp\/v2\/posts\/9427","targetHints":{"allow":["GET"]}}],"collection":[{"href":"https:\/\/partediario.com.ar\/index.php?rest_route=\/wp\/v2\/posts"}],"about":[{"href":"https:\/\/partediario.com.ar\/index.php?rest_route=\/wp\/v2\/types\/post"}],"author":[{"embeddable":true,"href":"https:\/\/partediario.com.ar\/index.php?rest_route=\/wp\/v2\/users\/2"}],"replies":[{"embeddable":true,"href":"https:\/\/partediario.com.ar\/index.php?rest_route=%2Fwp%2Fv2%2Fcomments&post=9427"}],"version-history":[{"count":1,"href":"https:\/\/partediario.com.ar\/index.php?rest_route=\/wp\/v2\/posts\/9427\/revisions"}],"predecessor-version":[{"id":9429,"href":"https:\/\/partediario.com.ar\/index.php?rest_route=\/wp\/v2\/posts\/9427\/revisions\/9429"}],"wp:featuredmedia":[{"embeddable":true,"href":"https:\/\/partediario.com.ar\/index.php?rest_route=\/wp\/v2\/media\/9428"}],"wp:attachment":[{"href":"https:\/\/partediario.com.ar\/index.php?rest_route=%2Fwp%2Fv2%2Fmedia&parent=9427"}],"wp:term":[{"taxonomy":"category","embeddable":true,"href":"https:\/\/partediario.com.ar\/index.php?rest_route=%2Fwp%2Fv2%2Fcategories&post=9427"},{"taxonomy":"post_tag","embeddable":true,"href":"https:\/\/partediario.com.ar\/index.php?rest_route=%2Fwp%2Fv2%2Ftags&post=9427"}],"curies":[{"name":"wp","href":"https:\/\/api.w.org\/{rel}","templated":true}]}}