{"id":9433,"date":"2024-11-19T12:15:17","date_gmt":"2024-11-19T15:15:17","guid":{"rendered":"https:\/\/partediario.com.ar\/?p=9433"},"modified":"2024-11-20T08:30:58","modified_gmt":"2024-11-20T11:30:58","slug":"el-representante-de-colapinto-molesto-tras-las-criticas-por-el-encuentro-del-piloto-con-la-china-suarez","status":"publish","type":"post","link":"https:\/\/partediario.com.ar\/?p=9433","title":{"rendered":"El representante de Colapinto molesto tras las cr\u00edticas por el encuentro del piloto con la China Su\u00e1rez"},"content":{"rendered":"\n<h3 class=\"wp-block-heading\">Franco Colapinto y Eugenia \u00abla China\u201d Su\u00e1rez fueron tendencia durante el fin de semana luego de ser vistos paseando a la salida de un popular restaurante de Madrid.<\/h3>\n\n\n\n<p>La actriz de 32 a\u00f1os y el piloto de 21 generaron un gran debate sobre la diferencia de 11 a\u00f1os que existe entre ambos. Los usuarios adem\u00e1s acusaron a la ex casi \u00e1ngeles de siempre ir \u201cdetr\u00e1s del chico del momento\u201d.<\/p>\n\n\n\n<p>El video desencaden\u00f3 una gran cantidad de cr\u00edticas hacia los dos protagonistas y al equipo de Colapinto por \u201cno cuidarlo\u201d mientras se decide su futuro en Williams.<\/p>\n\n\n\n<p>Jamie Campbell-Walter, el representante del piloto, se expres\u00f3 en redes sociales sobre el hecho y se dirigi\u00f3 a las cr\u00edticas que recibi\u00f3 el joven: \u201cEscuchen con atenci\u00f3n porque solo lo dir\u00e9 una vez: dejen de opinar, dejen de insultar y de decirnos c\u00f3mo debemos hacer nuestro trabajo. Me ocupar\u00e9 de ello y no necesito m\u00e1s comentarios\u201d.<\/p>\n\n\n\n<p>La respuesta del manager a los haters de su representado, desat\u00f3 otra pol\u00e9mica debido a que hizo referencia al encuentro de Colapinto y la China como un \u201cerror\u201d, que no se volver\u00eda a repetir.<\/p>\n\n\n\n<p>\u00abEstuve aqu\u00ed mucho antes de que cualquiera de ustedes apoyara a Franco y estar\u00e9 aqu\u00ed mucho despu\u00e9s. Todos cometemos errores y \u00e9l aprender\u00e1 de ellos. Centr\u00e9monos en Las Vegas y en las carreras, pero para eso necesito que todos se callen\u00bb, finaliz\u00f3.<\/p>\n\n\n\n<p><\/p>\n\n\n\n<figure class=\"wp-block-image size-large\"><img loading=\"lazy\" decoding=\"async\" width=\"1024\" height=\"702\" src=\"https:\/\/partediario.com.ar\/wp-content\/uploads\/Colapinto-China-Suarez-1024x702.webp\" alt=\"\" class=\"wp-image-9434\" srcset=\"https:\/\/partediario.com.ar\/wp-content\/uploads\/Colapinto-China-Suarez-1024x702.webp 1024w, https:\/\/partediario.com.ar\/wp-content\/uploads\/Colapinto-China-Suarez-300x206.webp 300w, https:\/\/partediario.com.ar\/wp-content\/uploads\/Colapinto-China-Suarez-768x526.webp 768w, https:\/\/partediario.com.ar\/wp-content\/uploads\/Colapinto-China-Suarez.webp 1051w\" sizes=\"auto, (max-width: 1024px) 100vw, 1024px\" \/><\/figure>\n\n\n\n<p><\/p>\n\n\n\n<p><strong>La respuesta de la  China Su\u00e1rez sobre su cita con Franco Colapinto<\/strong><\/p>\n\n\n\n<p>Luego de las repercusiones que tuvo e\u00f1 encuentro, la China Su\u00e1rez rompi\u00f3 el silencio a trav\u00e9s de un mensaje con un periodista.<\/p>\n\n\n\n<p>\u201cTe amo China, las que te critican mirando \u2018LAM\u2019 en pantuflas con un gordo deprimente al lado, deber\u00edan replantearse su vida\u201d, poste\u00f3 Luis Corbacho en su cuenta de Instagram, etiquet\u00e1ndola.<\/p>\n\n\n\n<p><\/p>\n\n\n\n<figure class=\"wp-block-image size-full\"><img loading=\"lazy\" decoding=\"async\" width=\"458\" height=\"720\" src=\"https:\/\/partediario.com.ar\/wp-content\/uploads\/China-Suarez.webp\" alt=\"\" class=\"wp-image-9435\" srcset=\"https:\/\/partediario.com.ar\/wp-content\/uploads\/China-Suarez.webp 458w, https:\/\/partediario.com.ar\/wp-content\/uploads\/China-Suarez-191x300.webp 191w\" sizes=\"auto, (max-width: 458px) 100vw, 458px\" \/><\/figure>\n\n\n\n<p><\/p>\n\n\n\n<p>La actriz ley\u00f3 el mensaje y escribi\u00f3 una contundente respuesta: \u00abYo soy feliz y no jodo a nadie\u201d, dejando en claro que no le interesan las opiniones ajenas.<\/p>\n","protected":false},"excerpt":{"rendered":"<p>Franco Colapinto y Eugenia &laquo;la China&rdquo; Su&aacute;rez fueron tendencia durante el fin de semana luego de ser vistos paseando a la salida de un popular restaurante de Madrid. La actriz de 32 a&ntilde;os y el piloto de 21 generaron un gran debate sobre la diferencia de 11 a&ntilde;os que existe entre ambos. Los usuarios adem&aacute;s [&hellip;]<\/p>\n","protected":false},"author":2,"featured_media":9436,"comment_status":"open","ping_status":"open","sticky":false,"template":"","format":"standard","meta":{"footnotes":""},"categories":[4,5],"tags":[4269,2847,4270],"class_list":["post-9433","post","type-post","status-publish","format-standard","has-post-thumbnail","hentry","category-deportes","category-nacionales","tag-china-suarez","tag-franco-colapinto","tag-jamie-campbell-walter"],"_links":{"self":[{"href":"https:\/\/partediario.com.ar\/index.php?rest_route=\/wp\/v2\/posts\/9433","targetHints":{"allow":["GET"]}}],"collection":[{"href":"https:\/\/partediario.com.ar\/index.php?rest_route=\/wp\/v2\/posts"}],"about":[{"href":"https:\/\/partediario.com.ar\/index.php?rest_route=\/wp\/v2\/types\/post"}],"author":[{"embeddable":true,"href":"https:\/\/partediario.com.ar\/index.php?rest_route=\/wp\/v2\/users\/2"}],"replies":[{"embeddable":true,"href":"https:\/\/partediario.com.ar\/index.php?rest_route=%2Fwp%2Fv2%2Fcomments&post=9433"}],"version-history":[{"count":1,"href":"https:\/\/partediario.com.ar\/index.php?rest_route=\/wp\/v2\/posts\/9433\/revisions"}],"predecessor-version":[{"id":9437,"href":"https:\/\/partediario.com.ar\/index.php?rest_route=\/wp\/v2\/posts\/9433\/revisions\/9437"}],"wp:featuredmedia":[{"embeddable":true,"href":"https:\/\/partediario.com.ar\/index.php?rest_route=\/wp\/v2\/media\/9436"}],"wp:attachment":[{"href":"https:\/\/partediario.com.ar\/index.php?rest_route=%2Fwp%2Fv2%2Fmedia&parent=9433"}],"wp:term":[{"taxonomy":"category","embeddable":true,"href":"https:\/\/partediario.com.ar\/index.php?rest_route=%2Fwp%2Fv2%2Fcategories&post=9433"},{"taxonomy":"post_tag","embeddable":true,"href":"https:\/\/partediario.com.ar\/index.php?rest_route=%2Fwp%2Fv2%2Ftags&post=9433"}],"curies":[{"name":"wp","href":"https:\/\/api.w.org\/{rel}","templated":true}]}}