{"id":9445,"date":"2024-11-19T12:50:19","date_gmt":"2024-11-19T15:50:19","guid":{"rendered":"https:\/\/partediario.com.ar\/?p=9445"},"modified":"2024-11-20T08:35:00","modified_gmt":"2024-11-20T11:35:00","slug":"ultimo-momento-detuvieron-a-sergio-urribarri-ex-gobernador-de-entre-rios","status":"publish","type":"post","link":"https:\/\/partediario.com.ar\/?p=9445","title":{"rendered":"\u00daLTIMO MOMENTO &#8211; Detuvieron a Sergio Urribarri, ex gobernador de Entre R\u00edos"},"content":{"rendered":"\n<h3 class=\"wp-block-heading\">La C\u00e1mara de Casaci\u00f3n orden\u00f3 que el ex mandatario provincial y ex embajador en Israel sea trasladado a la Unidad Penal 1 de Paran\u00e1. Urribarri hab\u00eda sido condenado a 8 a\u00f1os de c\u00e1rcel por peculado y enriquecimiento il\u00edcito.<\/h3>\n\n\n\n<p>La C\u00e1mara de Casaci\u00f3n Penal de Paran\u00e1 dict\u00f3 la prisi\u00f3n preventiva contra el ex gobernador justicialista Sergio Daniel Urribarri (2007 &#8211; 2015). La medida regir\u00e1 hasta tanto la sentencia que lo conden\u00f3 por cinco causas de corrupci\u00f3n quede firme. Este expediente fue remitido a la Corte Suprema de Justicia de la Naci\u00f3n, despu\u00e9s que se concediera el recurso extraordinario federal presentado por su defensa.<\/p>\n\n\n\n<p>La decisi\u00f3n de la C\u00e1mara se conoci\u00f3 esta ma\u00f1ana, a trav\u00e9s de un escrito de 74 p\u00e1ginas. Casaci\u00f3n revoc\u00f3 un fallo del Tribunal de Juicio que le hab\u00eda impuesto otras medidas restrictivas.<\/p>\n\n\n\n<p>Urribarri se encontraba en Concordia. Ah\u00ed fue buscado por personal policial, que lo arrest\u00f3 y lo conducir\u00e1 a la Unidad Penal 1 de Paran\u00e1. En la inmediaciones de su domicilio se pod\u00eda observar una ambulancia. Juan Pablo Aguilera, cu\u00f1ado de Urribarri que tambi\u00e9n fue condenado en la causa, ser\u00e1 detenido pero en Paran\u00e1 y lo trasladar\u00e1n al mismo centro penal.<\/p>\n\n\n\n<p><strong>\u201c(Urribarri) ya est\u00e1 detenido. Y Aguilera tambi\u00e9n. Se est\u00e1n realizando las actas pertinentes\u201d, confirm\u00f3 a Infobae el ministro de Seguridad de la provincia, N\u00e9stor Roncaglia, poco despu\u00e9s del mediod\u00eda.<\/strong><\/p>\n\n\n\n<p>El abogado defensor del ex gobernador, Leopoldo Cappa, anticip\u00f3 que apelar\u00e1n la decisi\u00f3n de Casaci\u00f3n, aunque aclar\u00f3 que este recurso \u201cno suspende\u201d la detenci\u00f3n de Urribarri y su cu\u00f1ado.<\/p>\n\n\n\n<p>En el fallo, Casaci\u00f3n hizo propios los planteos de la Fiscal\u00eda sobre los riesgos de fuga que estaban latentes tras la sentencia y el encuadre que los tratados internacionales firmados por Argentina dan a las causas de corrupci\u00f3n.<\/p>\n\n\n\n<p>\u201cEncontr\u00e1ndose acreditada la probabilidad de que en libertad los condenados puedan frustrar los fines del proceso, entiendo que se encuentran motivos suficientes para anular la resoluci\u00f3n impugnada y disponer la prisi\u00f3n preventiva en unidad carcelaria, teniendo en cuenta especialmente que en funci\u00f3n de los tratados internacionales que el Estado suscribi\u00f3, este proceso penal debe ser sobreprotegido, en tanto el deber de investigar, juzgar y castigar tiene una mayor intensidad cuando lo que est\u00e1 en cuesti\u00f3n son delitos de corrupci\u00f3n como los que aqu\u00ed se juzgaron\u201d, argument\u00f3 en su voto la vocal Marcela Davite. A este razonamiento adhirieron las otras dos integrantes del Tribunal, Marcela Badano y Evangelina Bruzzo.<\/p>\n\n\n\n<p>Casaci\u00f3n adem\u00e1s apunt\u00f3 a presuntas maniobras dilatorias de las defensas para postergar esta decisi\u00f3n. \u201cLos condenados a trav\u00e9s de sus abogados han dilatado el proceso con diversas maniobras que trasuntan o un desconocimiento de la v\u00eda recursiva, o una voluntad ex professo de no respetarla, indicadoras en s\u00ed del riesgo de frustraci\u00f3n de los fines del proceso penal\u201d, puntualizaron las juezas en la sentencia.<\/p>\n\n\n\n<p>En abril de 2022, Urribarri, fue condenado a ocho a\u00f1os de prisi\u00f3n efectiva e inhabilitaci\u00f3n perpetua por los delitos de negociaci\u00f3n incompatible con la funci\u00f3n p\u00fablica y peculado en las cinco causas que se tramitaron desde septiembre del a\u00f1o anterior en los Tribunales provinciales.<\/p>\n\n\n\n<p>Inmediatamente, el ex gobernador de Entre R\u00edos present\u00f3 la renuncia al cargo de Embajador en Israel que ocupaba. La noticia la recibi\u00f3 en Tel Aviv, cumpliendo sus funciones diplom\u00e1ticas.<\/p>\n\n\n\n<p>El fallo entendi\u00f3 que la instalaci\u00f3n de un parador en la playa La Perla de Mar del Plata en enero de 2015; la difusi\u00f3n en medios nacionales de spots relacionados con la Cumbre del Mercosur realizada en Paran\u00e1 en diciembre de 2014 y la publicaci\u00f3n de una solicitada contra los fondos buitres eran montajes para pagar con recursos del Estado la campa\u00f1a de Urribarri para posicionarse como uno de los candidatos a disputar la sucesi\u00f3n de Cristina Fern\u00e1ndez de Kirchner en la presidencia de la Naci\u00f3n.<\/p>\n\n\n\n<p>Adem\u00e1s se apunt\u00f3 contra el ex mandatario por un esquema de cartelizaci\u00f3n de publicidad en v\u00eda p\u00fablica en favor de las empresas que la Justicia entendi\u00f3 eran operadas por personas a las que se consider\u00f3 testaferros de su cu\u00f1ado Aguilera.<\/p>\n\n\n\n<p>Finalizando, se lo conden\u00f3 por la contrataci\u00f3n de publicidad oficial a trav\u00e9s de una empresa denominada Global Means sin haber cumplido con los requisitos formales para ello.<\/p>\n\n\n\n<p>Urribarri y su defensa, tambi\u00e9n en manos del abogado capitalino Fernando Burlando, present\u00f3 sucesivos planteos en instancias superiores para revocar esta decisi\u00f3n. Pero el Superior Tribunal de Justicia cerr\u00f3 todas esas puertas en abril de este a\u00f1o, cuando confirm\u00f3 el fallo condenatorio tras negar los \u00faltimos recursos.<\/p>\n\n\n\n<p><\/p>\n\n\n\n<div data-wp-interactive=\"core\/file\" class=\"wp-block-file\"><object data-wp-bind--hidden=\"!state.hasPdfPreview\" hidden class=\"wp-block-file__embed\" data=\"https:\/\/partediario.com.ar\/wp-content\/uploads\/Urribarri.pdf\" type=\"application\/pdf\" style=\"width:100%;height:600px\" aria-label=\"Incrustado de Urribarri.\"><\/object><a id=\"wp-block-file--media-fb11660e-0d91-438f-ac8d-29a7e9565d68\" href=\"https:\/\/partediario.com.ar\/wp-content\/uploads\/Urribarri.pdf\">Urribarri<\/a><a href=\"https:\/\/partediario.com.ar\/wp-content\/uploads\/Urribarri.pdf\" class=\"wp-block-file__button wp-element-button\" download aria-describedby=\"wp-block-file--media-fb11660e-0d91-438f-ac8d-29a7e9565d68\">Descarga<\/a><\/div>\n","protected":false},"excerpt":{"rendered":"<p>La C&aacute;mara de Casaci&oacute;n orden&oacute; que el ex mandatario provincial y ex embajador en Israel sea trasladado a la Unidad Penal 1 de Paran&aacute;. Urribarri hab&iacute;a sido condenado a 8 a&ntilde;os de c&aacute;rcel por peculado y enriquecimiento il&iacute;cito. La C&aacute;mara de Casaci&oacute;n Penal de Paran&aacute; dict&oacute; la prisi&oacute;n preventiva contra el ex gobernador justicialista Sergio [&hellip;]<\/p>\n","protected":false},"author":2,"featured_media":9447,"comment_status":"open","ping_status":"open","sticky":false,"template":"","format":"standard","meta":{"footnotes":""},"categories":[979,5],"tags":[398,2571,257,4276,265,990,370],"class_list":["post-9445","post","type-post","status-publish","format-standard","has-post-thumbnail","hentry","category-judiciales","category-nacionales","tag-concordia","tag-detuvieron","tag-entre-rios","tag-juan-pablo-aguilera","tag-parana","tag-sergio-urribarri","tag-unidad-penal-1"],"_links":{"self":[{"href":"https:\/\/partediario.com.ar\/index.php?rest_route=\/wp\/v2\/posts\/9445","targetHints":{"allow":["GET"]}}],"collection":[{"href":"https:\/\/partediario.com.ar\/index.php?rest_route=\/wp\/v2\/posts"}],"about":[{"href":"https:\/\/partediario.com.ar\/index.php?rest_route=\/wp\/v2\/types\/post"}],"author":[{"embeddable":true,"href":"https:\/\/partediario.com.ar\/index.php?rest_route=\/wp\/v2\/users\/2"}],"replies":[{"embeddable":true,"href":"https:\/\/partediario.com.ar\/index.php?rest_route=%2Fwp%2Fv2%2Fcomments&post=9445"}],"version-history":[{"count":2,"href":"https:\/\/partediario.com.ar\/index.php?rest_route=\/wp\/v2\/posts\/9445\/revisions"}],"predecessor-version":[{"id":9449,"href":"https:\/\/partediario.com.ar\/index.php?rest_route=\/wp\/v2\/posts\/9445\/revisions\/9449"}],"wp:featuredmedia":[{"embeddable":true,"href":"https:\/\/partediario.com.ar\/index.php?rest_route=\/wp\/v2\/media\/9447"}],"wp:attachment":[{"href":"https:\/\/partediario.com.ar\/index.php?rest_route=%2Fwp%2Fv2%2Fmedia&parent=9445"}],"wp:term":[{"taxonomy":"category","embeddable":true,"href":"https:\/\/partediario.com.ar\/index.php?rest_route=%2Fwp%2Fv2%2Fcategories&post=9445"},{"taxonomy":"post_tag","embeddable":true,"href":"https:\/\/partediario.com.ar\/index.php?rest_route=%2Fwp%2Fv2%2Ftags&post=9445"}],"curies":[{"name":"wp","href":"https:\/\/api.w.org\/{rel}","templated":true}]}}