{"id":9472,"date":"2024-11-20T15:28:17","date_gmt":"2024-11-20T18:28:17","guid":{"rendered":"https:\/\/partediario.com.ar\/?p=9472"},"modified":"2024-11-20T15:28:18","modified_gmt":"2024-11-20T18:28:18","slug":"santa-elena-convoca-a-musicos-y-cantores-as-emergentes","status":"publish","type":"post","link":"https:\/\/partediario.com.ar\/?p=9472","title":{"rendered":"Santa Elena convoca a m\u00fasicos y cantores\/as emergentes"},"content":{"rendered":"\n<h3 class=\"wp-block-heading\">El Gobierno Municipal, a trav\u00e9s de la Coordinaci\u00f3n de Cultura, abre una convocatoria destinada a M\u00fasicos\/as y Cantores\/as emergentes que deseen ser parte de la Fiesta de la M\u00fasica 2024.<\/h3>\n\n\n\n<p>Se trata de una iniciativa con cupos limitados, cuyas consultas e inscripciones pueden realizarse al tel\u00e9fono 3437493741.<\/p>\n\n\n\n<p>Sumate a participar de esta propuesta, que busca visibilizar talentos y generar oportunidades para artistas de la m\u00fasica en nuestra comunidad, destacaron desde la Municipalidad.<\/p>\n\n\n\n<p><\/p>\n\n\n\n<figure class=\"wp-block-image size-full\"><img loading=\"lazy\" decoding=\"async\" width=\"526\" height=\"523\" src=\"https:\/\/partediario.com.ar\/wp-content\/uploads\/467704021_983348033836952_153607435317799957_n.jpg\" alt=\"\" class=\"wp-image-9473\" srcset=\"https:\/\/partediario.com.ar\/wp-content\/uploads\/467704021_983348033836952_153607435317799957_n.jpg 526w, https:\/\/partediario.com.ar\/wp-content\/uploads\/467704021_983348033836952_153607435317799957_n-300x298.jpg 300w, https:\/\/partediario.com.ar\/wp-content\/uploads\/467704021_983348033836952_153607435317799957_n-150x150.jpg 150w\" sizes=\"auto, (max-width: 526px) 100vw, 526px\" \/><\/figure>\n","protected":false},"excerpt":{"rendered":"<p>El Gobierno Municipal, a trav&eacute;s de la Coordinaci&oacute;n de Cultura, abre una convocatoria destinada a M&uacute;sicos\/as y Cantores\/as emergentes que deseen ser parte de la Fiesta de la M&uacute;sica 2024. Se trata de una iniciativa con cupos limitados, cuyas consultas e inscripciones pueden realizarse al tel&eacute;fono 3437493741. Sumate a participar de esta propuesta, que busca [&hellip;]<\/p>\n","protected":false},"author":2,"featured_media":9474,"comment_status":"open","ping_status":"open","sticky":false,"template":"","format":"standard","meta":{"footnotes":""},"categories":[3272],"tags":[4286,628,4287,210,4285,207],"class_list":["post-9472","post","type-post","status-publish","format-standard","has-post-thumbnail","hentry","category-municipales","tag-cantantes","tag-convocatoria","tag-emergentes","tag-municipalidad","tag-musicos","tag-santa-elena"],"_links":{"self":[{"href":"https:\/\/partediario.com.ar\/index.php?rest_route=\/wp\/v2\/posts\/9472","targetHints":{"allow":["GET"]}}],"collection":[{"href":"https:\/\/partediario.com.ar\/index.php?rest_route=\/wp\/v2\/posts"}],"about":[{"href":"https:\/\/partediario.com.ar\/index.php?rest_route=\/wp\/v2\/types\/post"}],"author":[{"embeddable":true,"href":"https:\/\/partediario.com.ar\/index.php?rest_route=\/wp\/v2\/users\/2"}],"replies":[{"embeddable":true,"href":"https:\/\/partediario.com.ar\/index.php?rest_route=%2Fwp%2Fv2%2Fcomments&post=9472"}],"version-history":[{"count":1,"href":"https:\/\/partediario.com.ar\/index.php?rest_route=\/wp\/v2\/posts\/9472\/revisions"}],"predecessor-version":[{"id":9475,"href":"https:\/\/partediario.com.ar\/index.php?rest_route=\/wp\/v2\/posts\/9472\/revisions\/9475"}],"wp:featuredmedia":[{"embeddable":true,"href":"https:\/\/partediario.com.ar\/index.php?rest_route=\/wp\/v2\/media\/9474"}],"wp:attachment":[{"href":"https:\/\/partediario.com.ar\/index.php?rest_route=%2Fwp%2Fv2%2Fmedia&parent=9472"}],"wp:term":[{"taxonomy":"category","embeddable":true,"href":"https:\/\/partediario.com.ar\/index.php?rest_route=%2Fwp%2Fv2%2Fcategories&post=9472"},{"taxonomy":"post_tag","embeddable":true,"href":"https:\/\/partediario.com.ar\/index.php?rest_route=%2Fwp%2Fv2%2Ftags&post=9472"}],"curies":[{"name":"wp","href":"https:\/\/api.w.org\/{rel}","templated":true}]}}