{"id":9491,"date":"2024-11-21T11:29:20","date_gmt":"2024-11-21T14:29:20","guid":{"rendered":"https:\/\/partediario.com.ar\/?p=9491"},"modified":"2024-11-22T12:12:26","modified_gmt":"2024-11-22T15:12:26","slug":"se-produjo-un-incendio-en-la-fabrica-de-alfajores-jorgito","status":"publish","type":"post","link":"https:\/\/partediario.com.ar\/?p=9491","title":{"rendered":"Se produjo un incendio en la f\u00e1brica de alfajores Jorgito"},"content":{"rendered":"\n<h3 class=\"wp-block-heading\">Un incendio se produjo en la f\u00e1brica de alfajores Jorgito ubicada en el barrio porte\u00f1o de Boedo y, de acuerdo a las primeras informaciones, el foco \u00edgneo se inici\u00f3 en la terraza del inmueble qu\u00e9 cuenta con un edificio de dos pisos.<\/h3>\n\n\n\n<p>El hecho ocurri\u00f3 este jueves por la ma\u00f1ana, entre las calles 33 orientales y Las Casas de ese barrio de Boedo.<\/p>\n\n\n\n<p>El fuego se origin\u00f3 en un cuarto de refrigeraci\u00f3n ubicado en la azotea, en un \u00e1rea de aproximadamente 6 x 5 metros y 2,80 metros de altura. El foco \u00edgneo afect\u00f3 compresores y cableados en una extensi\u00f3n irregular de 2 x 1 x 1 metro.<\/p>\n\n\n\n<p>El siniestro fue combatido inicialmente por los empleados de la f\u00e1brica, quienes utilizaron un extintor manual a base de polvo qu\u00edmico, logrando extinguir el fuego antes de la llegada de los bomberos.<\/p>\n\n\n\n<p>Simult\u00e1neamente los trabajadores alertaron de la situaci\u00f3n y r\u00e1pidamente se presentaron los efectivos de la ciudad y los Bomberos para evacuar la zona.<\/p>\n\n\n\n<p>El SAME asisti\u00f3 a un trabajador que sufri\u00f3 lesiones leves al intentar sofocar las llamas. Aunque, no se reportaron da\u00f1os mayores ni otros heridos.<\/p>\n","protected":false},"excerpt":{"rendered":"<p>Un incendio se produjo en la f&aacute;brica de alfajores Jorgito ubicada en el barrio porte&ntilde;o de Boedo y, de acuerdo a las primeras informaciones, el foco &iacute;gneo se inici&oacute; en la terraza del inmueble qu&eacute; cuenta con un edificio de dos pisos. El hecho ocurri&oacute; este jueves por la ma&ntilde;ana, entre las calles 33 orientales [&hellip;]<\/p>\n","protected":false},"author":2,"featured_media":9492,"comment_status":"open","ping_status":"open","sticky":false,"template":"","format":"standard","meta":{"footnotes":""},"categories":[5,7],"tags":[4299,4298,456,4300],"class_list":["post-9491","post","type-post","status-publish","format-standard","has-post-thumbnail","hentry","category-nacionales","category-policiales","tag-alfajores","tag-fabrica","tag-incendio","tag-jorgito"],"_links":{"self":[{"href":"https:\/\/partediario.com.ar\/index.php?rest_route=\/wp\/v2\/posts\/9491","targetHints":{"allow":["GET"]}}],"collection":[{"href":"https:\/\/partediario.com.ar\/index.php?rest_route=\/wp\/v2\/posts"}],"about":[{"href":"https:\/\/partediario.com.ar\/index.php?rest_route=\/wp\/v2\/types\/post"}],"author":[{"embeddable":true,"href":"https:\/\/partediario.com.ar\/index.php?rest_route=\/wp\/v2\/users\/2"}],"replies":[{"embeddable":true,"href":"https:\/\/partediario.com.ar\/index.php?rest_route=%2Fwp%2Fv2%2Fcomments&post=9491"}],"version-history":[{"count":1,"href":"https:\/\/partediario.com.ar\/index.php?rest_route=\/wp\/v2\/posts\/9491\/revisions"}],"predecessor-version":[{"id":9493,"href":"https:\/\/partediario.com.ar\/index.php?rest_route=\/wp\/v2\/posts\/9491\/revisions\/9493"}],"wp:featuredmedia":[{"embeddable":true,"href":"https:\/\/partediario.com.ar\/index.php?rest_route=\/wp\/v2\/media\/9492"}],"wp:attachment":[{"href":"https:\/\/partediario.com.ar\/index.php?rest_route=%2Fwp%2Fv2%2Fmedia&parent=9491"}],"wp:term":[{"taxonomy":"category","embeddable":true,"href":"https:\/\/partediario.com.ar\/index.php?rest_route=%2Fwp%2Fv2%2Fcategories&post=9491"},{"taxonomy":"post_tag","embeddable":true,"href":"https:\/\/partediario.com.ar\/index.php?rest_route=%2Fwp%2Fv2%2Ftags&post=9491"}],"curies":[{"name":"wp","href":"https:\/\/api.w.org\/{rel}","templated":true}]}}