{"id":9501,"date":"2024-11-21T12:44:41","date_gmt":"2024-11-21T15:44:41","guid":{"rendered":"https:\/\/partediario.com.ar\/?p=9501"},"modified":"2024-11-22T12:12:13","modified_gmt":"2024-11-22T15:12:13","slug":"el-juez-federal-julian-ercolini-cito-a-declaracion-indagatoria-a-alberto-fernandez","status":"publish","type":"post","link":"https:\/\/partediario.com.ar\/?p=9501","title":{"rendered":"El juez federal Juli\u00e1n Ercolini cit\u00f3 a declaraci\u00f3n indagatoria a Alberto Fern\u00e1ndez"},"content":{"rendered":"\n<h3 class=\"wp-block-heading\">El juez federal Juli\u00e1n Ercolini cit\u00f3 a declarar al ex presidente Alberto Fern\u00e1ndez en la causa por violencia de g\u00e9nero contra Fabiola Ya\u00f1ez.<\/h3>\n\n\n\n<p>De acuerdo a la resoluci\u00f3n, la cita para la declaraci\u00f3n indagatoria es para el pr\u00f3ximo 11 de diciembre.<\/p>\n\n\n\n<p>Noticia en desarrollo\u2026<\/p>\n","protected":false},"excerpt":{"rendered":"<p>El juez federal Juli&aacute;n Ercolini cit&oacute; a declarar al ex presidente Alberto Fern&aacute;ndez en la causa por violencia de g&eacute;nero contra Fabiola Ya&ntilde;ez. De acuerdo a la resoluci&oacute;n, la cita para la declaraci&oacute;n indagatoria es para el pr&oacute;ximo 11 de diciembre. Noticia en desarrollo&hellip;<\/p>\n","protected":false},"author":2,"featured_media":9502,"comment_status":"open","ping_status":"open","sticky":false,"template":"","format":"standard","meta":{"footnotes":""},"categories":[979,5],"tags":[517,4304,2324,3697,2424],"class_list":["post-9501","post","type-post","status-publish","format-standard","has-post-thumbnail","hentry","category-judiciales","category-nacionales","tag-alberto-fernandez","tag-citan","tag-fabiola-yanez","tag-indagatoria","tag-julian-ercolini"],"_links":{"self":[{"href":"https:\/\/partediario.com.ar\/index.php?rest_route=\/wp\/v2\/posts\/9501","targetHints":{"allow":["GET"]}}],"collection":[{"href":"https:\/\/partediario.com.ar\/index.php?rest_route=\/wp\/v2\/posts"}],"about":[{"href":"https:\/\/partediario.com.ar\/index.php?rest_route=\/wp\/v2\/types\/post"}],"author":[{"embeddable":true,"href":"https:\/\/partediario.com.ar\/index.php?rest_route=\/wp\/v2\/users\/2"}],"replies":[{"embeddable":true,"href":"https:\/\/partediario.com.ar\/index.php?rest_route=%2Fwp%2Fv2%2Fcomments&post=9501"}],"version-history":[{"count":1,"href":"https:\/\/partediario.com.ar\/index.php?rest_route=\/wp\/v2\/posts\/9501\/revisions"}],"predecessor-version":[{"id":9503,"href":"https:\/\/partediario.com.ar\/index.php?rest_route=\/wp\/v2\/posts\/9501\/revisions\/9503"}],"wp:featuredmedia":[{"embeddable":true,"href":"https:\/\/partediario.com.ar\/index.php?rest_route=\/wp\/v2\/media\/9502"}],"wp:attachment":[{"href":"https:\/\/partediario.com.ar\/index.php?rest_route=%2Fwp%2Fv2%2Fmedia&parent=9501"}],"wp:term":[{"taxonomy":"category","embeddable":true,"href":"https:\/\/partediario.com.ar\/index.php?rest_route=%2Fwp%2Fv2%2Fcategories&post=9501"},{"taxonomy":"post_tag","embeddable":true,"href":"https:\/\/partediario.com.ar\/index.php?rest_route=%2Fwp%2Fv2%2Ftags&post=9501"}],"curies":[{"name":"wp","href":"https:\/\/api.w.org\/{rel}","templated":true}]}}