{"id":9504,"date":"2024-11-21T12:49:26","date_gmt":"2024-11-21T15:49:26","guid":{"rendered":"https:\/\/partediario.com.ar\/?p=9504"},"modified":"2024-11-22T12:12:09","modified_gmt":"2024-11-22T15:12:09","slug":"murio-willy-quiroga-miembro-fundador-de-vox-dei","status":"publish","type":"post","link":"https:\/\/partediario.com.ar\/?p=9504","title":{"rendered":"Muri\u00f3 Willy Quiroga, miembro fundador de Vox Dei"},"content":{"rendered":"\n<h3 class=\"wp-block-heading\">Wilfrido An\u00edbal Quiroga, m\u00e1s conocido como Willy Quiroga, falleci\u00f3 a los 84 a\u00f1os en la Cl\u00ednica de la Trinidad de Quilmes tras batallar contra una larga enfermedad que lo alej\u00f3 de los escenarios durante los \u00faltimos a\u00f1os.<\/h3>\n\n\n\n<p>El periodista Guillermo Pardini confirm\u00f3 la informaci\u00f3n desde su cuenta de X: \u00abMe acaban de confirmar el fallecimiento de Willy Quiroga, miembro fundador de Vox Dei. La leyenda del Rock Nacional falleci\u00f3 en la Cl\u00ednica de la Trinidad de Quilmes, tras enfrentar una larga enfermedad que lo alej\u00f3 de los escenarios\u00bb.<\/p>\n\n\n\n<p>Vida y trayectoria de Willy Quiroga<\/p>\n\n\n\n<p>Willy Quiroga naci\u00f3 en 1940 en la provincia de C\u00f3rdoba. A fines de la d\u00e9cada del &#8217;50 comenz\u00f3 a incursionar en el Rock hasta convertirse en uno de los miembros fundadores de Vox Dei.<\/p>\n\n\n\n<p>El m\u00fasico vivi\u00f3 en el partido de Quilmes, donde fue declarado ciudadano ilustre por su destacada carrera. Incursion\u00f3 en el cine y tuvo varias bandas. Compositor, locutor y productor musical, trabaj\u00f3 en muchos proyectos hasta que en agosto de 2024 anunci\u00f3 su retiro definitivo por un EPOC que le imped\u00eda seguir cantando. Su despedida de los escenarios fue en julio de este a\u00f1o en el Pub Mr. Jones de la localidad de Ramos Mej\u00eda, provincia de Buenos Aires.<\/p>\n\n\n\n<p>\u201cHola amigos\u2026 Bueno, tengo que, desgraciadamente, darles una noticia que jam\u00e1s quise dar. A mis 84 a\u00f1os, con todas las ganas de continuar, me ha aparecido una enfermedad, que no me permite cantar, ni tocar, ni continuar con la banda. Pero quiero agradecerles a todos mis amigos y a todos los que me han hecho el aguante durante tantos a\u00f1os. Se los agradezco, de todo coraz\u00f3n. Ya no puedo continuar\u201d, hab\u00eda dicho en redes sociales meses atr\u00e1s.<\/p>\n\n\n\n<p><\/p>\n\n\n\n<figure class=\"wp-block-embed is-type-video is-provider-youtube wp-block-embed-youtube wp-embed-aspect-16-9 wp-has-aspect-ratio\"><div class=\"wp-block-embed__wrapper\">\n<iframe loading=\"lazy\" title=\"Willy Quiroga Vox Dei - Tan solo un hombre (GRAN REX 02.12.16)\" width=\"640\" height=\"360\" src=\"https:\/\/www.youtube.com\/embed\/Z6dbBEqm8d4?feature=oembed\" frameborder=\"0\" allow=\"accelerometer; autoplay; clipboard-write; encrypted-media; gyroscope; picture-in-picture; web-share\" referrerpolicy=\"strict-origin-when-cross-origin\" allowfullscreen><\/iframe>\n<\/div><\/figure>\n","protected":false},"excerpt":{"rendered":"<p>Wilfrido An&iacute;bal Quiroga, m&aacute;s conocido como Willy Quiroga, falleci&oacute; a los 84 a&ntilde;os en la Cl&iacute;nica de la Trinidad de Quilmes tras batallar contra una larga enfermedad que lo alej&oacute; de los escenarios durante los &uacute;ltimos a&ntilde;os. El periodista Guillermo Pardini confirm&oacute; la informaci&oacute;n desde su cuenta de X: &laquo;Me acaban de confirmar el fallecimiento [&hellip;]<\/p>\n","protected":false},"author":2,"featured_media":9505,"comment_status":"open","ping_status":"open","sticky":false,"template":"","format":"standard","meta":{"footnotes":""},"categories":[726],"tags":[561,4306,4305],"class_list":["post-9504","post","type-post","status-publish","format-standard","has-post-thumbnail","hentry","category-sociedad","tag-murio","tag-vox-dei","tag-willy-quiroga"],"_links":{"self":[{"href":"https:\/\/partediario.com.ar\/index.php?rest_route=\/wp\/v2\/posts\/9504","targetHints":{"allow":["GET"]}}],"collection":[{"href":"https:\/\/partediario.com.ar\/index.php?rest_route=\/wp\/v2\/posts"}],"about":[{"href":"https:\/\/partediario.com.ar\/index.php?rest_route=\/wp\/v2\/types\/post"}],"author":[{"embeddable":true,"href":"https:\/\/partediario.com.ar\/index.php?rest_route=\/wp\/v2\/users\/2"}],"replies":[{"embeddable":true,"href":"https:\/\/partediario.com.ar\/index.php?rest_route=%2Fwp%2Fv2%2Fcomments&post=9504"}],"version-history":[{"count":1,"href":"https:\/\/partediario.com.ar\/index.php?rest_route=\/wp\/v2\/posts\/9504\/revisions"}],"predecessor-version":[{"id":9506,"href":"https:\/\/partediario.com.ar\/index.php?rest_route=\/wp\/v2\/posts\/9504\/revisions\/9506"}],"wp:featuredmedia":[{"embeddable":true,"href":"https:\/\/partediario.com.ar\/index.php?rest_route=\/wp\/v2\/media\/9505"}],"wp:attachment":[{"href":"https:\/\/partediario.com.ar\/index.php?rest_route=%2Fwp%2Fv2%2Fmedia&parent=9504"}],"wp:term":[{"taxonomy":"category","embeddable":true,"href":"https:\/\/partediario.com.ar\/index.php?rest_route=%2Fwp%2Fv2%2Fcategories&post=9504"},{"taxonomy":"post_tag","embeddable":true,"href":"https:\/\/partediario.com.ar\/index.php?rest_route=%2Fwp%2Fv2%2Ftags&post=9504"}],"curies":[{"name":"wp","href":"https:\/\/api.w.org\/{rel}","templated":true}]}}