{"id":9510,"date":"2024-11-21T18:09:49","date_gmt":"2024-11-21T21:09:49","guid":{"rendered":"https:\/\/partediario.com.ar\/?p=9510"},"modified":"2024-11-22T12:12:01","modified_gmt":"2024-11-22T15:12:01","slug":"la-ocupacion-hotelera-cayo-un-192-interanual-en-septiembre","status":"publish","type":"post","link":"https:\/\/partediario.com.ar\/?p=9510","title":{"rendered":"La ocupaci\u00f3n hotelera cay\u00f3 un 19,2% interanual en septiembre"},"content":{"rendered":"\n<h3 class=\"wp-block-heading\">La ocupaci\u00f3n hotelera descendi\u00f3 19,2% en septiembre, respecto de igual mes del a\u00f1o pasado, seg\u00fan la Encuesta de Ocupaci\u00f3n Hotelera del Instituto Nacional de Estad\u00edstica y Censos (INDEC).<\/h3>\n\n\n\n<p>En septiembre de 2024, se estimaron 3,4 millones de pernoctaciones en establecimientos hoteleros y parahoteleros, lo que implic\u00f3 una disminuci\u00f3n de 19,2% respecto al mismo mes del a\u00f1o anterior.<\/p>\n\n\n\n<p>Las pernoctaciones de viajeros residentes y las de no residentes registraron una baja de 20,0% y 15,8%, respectivamente.<\/p>\n\n\n\n<p>El total de viajeros hospedados en el pa\u00eds en septiembre fue de 1.456.611, un 15,0% menos que el a\u00f1o pasado, compuesto por 1.165.913 (-14,9%) de residentes y 290.698 no residentes (-15,7%).<\/p>\n\n\n\n<p>De acuerdo a las regiones tur\u00edsticas, Patagonia concentr\u00f3 el mayor porcentaje de pernoctaciones en el mes, con 27,1%; seguida por CABA, con 20,3%.<\/p>\n\n\n\n<p>Las pernoctaciones de los viajeros residentes se distribuyeron principalmente entre las regiones Patagonia, que concentr\u00f3 el 27,3%; mientras que Litoral y C\u00f3rdoba, ambas alcanzaron el 14,1%.<\/p>\n\n\n\n<p>La regi\u00f3n CABA fue la preferida por los viajeros no residentes: concentr\u00f3 el 49,6% del total de pernoctaciones; seguida por Patagonia, con el 26,3%.<\/p>\n\n\n\n<p>El 34,0% de las pernoctaciones se realizaron en hoteles 4 y 5 estrellas; 30,9%, en hoteles 3 estrellas, apart y boutiques; 18,3%, en establecimientos parahoteleros; y 16,9%, en hoteles 1 y 2 estrellas.<\/p>\n\n\n\n<p>La estad\u00eda promedio de los viajeros fue 2,3 noches, 4,9% menos que el mismo mes del a\u00f1o anterior, se se\u00f1al\u00f3.<\/p>\n","protected":false},"excerpt":{"rendered":"<p>La ocupaci&oacute;n hotelera descendi&oacute; 19,2% en septiembre, respecto de igual mes del a&ntilde;o pasado, seg&uacute;n la Encuesta de Ocupaci&oacute;n Hotelera del Instituto Nacional de Estad&iacute;stica y Censos (INDEC). En septiembre de 2024, se estimaron 3,4 millones de pernoctaciones en establecimientos hoteleros y parahoteleros, lo que implic&oacute; una disminuci&oacute;n de 19,2% respecto al mismo mes del [&hellip;]<\/p>\n","protected":false},"author":2,"featured_media":9511,"comment_status":"open","ping_status":"open","sticky":false,"template":"","format":"standard","meta":{"footnotes":""},"categories":[5,176],"tags":[559,4308,320,3367],"class_list":["post-9510","post","type-post","status-publish","format-standard","has-post-thumbnail","hentry","category-nacionales","category-politica","tag-caida","tag-hotelera","tag-indec","tag-ocupacion"],"_links":{"self":[{"href":"https:\/\/partediario.com.ar\/index.php?rest_route=\/wp\/v2\/posts\/9510","targetHints":{"allow":["GET"]}}],"collection":[{"href":"https:\/\/partediario.com.ar\/index.php?rest_route=\/wp\/v2\/posts"}],"about":[{"href":"https:\/\/partediario.com.ar\/index.php?rest_route=\/wp\/v2\/types\/post"}],"author":[{"embeddable":true,"href":"https:\/\/partediario.com.ar\/index.php?rest_route=\/wp\/v2\/users\/2"}],"replies":[{"embeddable":true,"href":"https:\/\/partediario.com.ar\/index.php?rest_route=%2Fwp%2Fv2%2Fcomments&post=9510"}],"version-history":[{"count":1,"href":"https:\/\/partediario.com.ar\/index.php?rest_route=\/wp\/v2\/posts\/9510\/revisions"}],"predecessor-version":[{"id":9512,"href":"https:\/\/partediario.com.ar\/index.php?rest_route=\/wp\/v2\/posts\/9510\/revisions\/9512"}],"wp:featuredmedia":[{"embeddable":true,"href":"https:\/\/partediario.com.ar\/index.php?rest_route=\/wp\/v2\/media\/9511"}],"wp:attachment":[{"href":"https:\/\/partediario.com.ar\/index.php?rest_route=%2Fwp%2Fv2%2Fmedia&parent=9510"}],"wp:term":[{"taxonomy":"category","embeddable":true,"href":"https:\/\/partediario.com.ar\/index.php?rest_route=%2Fwp%2Fv2%2Fcategories&post=9510"},{"taxonomy":"post_tag","embeddable":true,"href":"https:\/\/partediario.com.ar\/index.php?rest_route=%2Fwp%2Fv2%2Ftags&post=9510"}],"curies":[{"name":"wp","href":"https:\/\/api.w.org\/{rel}","templated":true}]}}