{"id":9521,"date":"2024-11-21T18:28:16","date_gmt":"2024-11-21T21:28:16","guid":{"rendered":"https:\/\/partediario.com.ar\/?p=9521"},"modified":"2024-11-22T12:11:49","modified_gmt":"2024-11-22T15:11:49","slug":"el-gobierno-desafecto-del-cargo-al-jefe-de-la-fuerza-aerea","status":"publish","type":"post","link":"https:\/\/partediario.com.ar\/?p=9521","title":{"rendered":"El Gobierno desafect\u00f3 del cargo al jefe de la Fuerza A\u00e9rea"},"content":{"rendered":"\n<h3 class=\"wp-block-heading\">El ministro de Defensa, Luis Petri, relev\u00f3 este jueves de su cargo al jefe de la Fuerza A\u00e9rea, brigadier Fernando Mengo, por haber utilizado aeronaves de la instituci\u00f3n con fines particulares, lo que implica una \u00abgrave violaci\u00f3n de la normativa que rige el manejo de los bienes p\u00fablicos\u00bb.<\/h3>\n\n\n\n<p>En un comunicado, el ministro de Defensa, Luis Petri, adem\u00e1s indic\u00f3 que ha \u00abtomado conocimiento de presuntos hechos de acoso y\/o abuso que habr\u00edan sido protagonizados por el Brigadier Mengo, lo que constituye una falta grav\u00edsima e inadmisible\u00bb.<\/p>\n\n\n\n<p><\/p>\n\n\n\n<figure class=\"wp-block-image size-large\"><img loading=\"lazy\" decoding=\"async\" width=\"1024\" height=\"1024\" src=\"https:\/\/partediario.com.ar\/wp-content\/uploads\/WhatsApp-Image-2024-11-21-at-13.47.02-1024x1024.jpeg\" alt=\"\" class=\"wp-image-9522\" srcset=\"https:\/\/partediario.com.ar\/wp-content\/uploads\/WhatsApp-Image-2024-11-21-at-13.47.02-1024x1024.jpeg 1024w, https:\/\/partediario.com.ar\/wp-content\/uploads\/WhatsApp-Image-2024-11-21-at-13.47.02-300x300.jpeg 300w, https:\/\/partediario.com.ar\/wp-content\/uploads\/WhatsApp-Image-2024-11-21-at-13.47.02-150x150.jpeg 150w, https:\/\/partediario.com.ar\/wp-content\/uploads\/WhatsApp-Image-2024-11-21-at-13.47.02-768x767.jpeg 768w, https:\/\/partediario.com.ar\/wp-content\/uploads\/WhatsApp-Image-2024-11-21-at-13.47.02.jpeg 1081w\" sizes=\"auto, (max-width: 1024px) 100vw, 1024px\" \/><\/figure>\n\n\n\n<p><\/p>\n\n\n\n<p>Mengo hab\u00eda asumido al frente de la Fuerza A\u00e9rea a principios de a\u00f1o. Tiempo despu\u00e9s comenzaron a trascender supuestos malos tratos del uniformado y ahora el presunto uso indebido de los aviones para fines personales termin\u00f3 de desatar su salida.<\/p>\n\n\n\n<p>\u00abHe instruido el inicio de todas las acciones legales y administrativas necesarias para que se investiguen estos hechos, determinen responsabilidades y garanticen que quienes hayan incurrido en ellas reciban las sanciones que corresponden por la gravedad de su accionar\u00bb, destac\u00f3 el funcionario.<\/p>\n\n\n\n<p>Finalizando, subray\u00f3 que \u00abbajo la gesti\u00f3n del Presidente Javier Milei, no hay ni habr\u00e1 tolerancia para el abuso de poder, la corrupci\u00f3n ni las conductas que mancillen la integridad de las personas o la confianza de la ciudadan\u00eda en nuestras instituciones\u00bb.<\/p>\n\n\n\n<p>Y agreg\u00f3 que: \u00abEste Ministerio de Defensa reafirma su compromiso con la transparencia, la austeridad, la protecci\u00f3n de los derechos de las v\u00edctimas y el respeto irrestricto a la ley como pilares fundamentales de su gesti\u00f3n\u00bb.<\/p>\n\n\n\n<p>Mengo hab\u00eda sido designado como el nuevo jefe de Estado Mayor de la Fuerza A\u00e9rea Argentina en enero pasado, poco despu\u00e9s d ela asunci\u00f3n de Milei, quien impuls\u00f3 un recambio militar.<\/p>\n\n\n\n<p>De 55 a\u00f1os, el brigadier mayor ven\u00eda de cumplir funciones como comandante de Adiestramiento y Alistamiento de esa misma Fuerza, donde comenz\u00f3 su entrenamiento en 1983 hasta que egres\u00f3 tres a\u00f1os despu\u00e9s.<\/p>\n\n\n\n<p>El mes pasado, Mengo hab\u00eda participado en Casa Rosada de un acto en el que se hab\u00eda anunciado la captura de una avioneta en la provincia de Santa Fe, que transportaba un gran cargamento coca\u00edna.<\/p>\n","protected":false},"excerpt":{"rendered":"<p>El ministro de Defensa, Luis Petri, relev&oacute; este jueves de su cargo al jefe de la Fuerza A&eacute;rea, brigadier Fernando Mengo, por haber utilizado aeronaves de la instituci&oacute;n con fines particulares, lo que implica una &laquo;grave violaci&oacute;n de la normativa que rige el manejo de los bienes p&uacute;blicos&raquo;. En un comunicado, el ministro de Defensa, [&hellip;]<\/p>\n","protected":false},"author":2,"featured_media":9523,"comment_status":"open","ping_status":"open","sticky":false,"template":"","format":"standard","meta":{"footnotes":""},"categories":[5,176],"tags":[2469,2467,2212,566,4314],"class_list":["post-9521","post","type-post","status-publish","format-standard","has-post-thumbnail","hentry","category-nacionales","category-politica","tag-fernando-mengo","tag-fuerza-aerea","tag-jefe","tag-luis-petri","tag-relevo"],"_links":{"self":[{"href":"https:\/\/partediario.com.ar\/index.php?rest_route=\/wp\/v2\/posts\/9521","targetHints":{"allow":["GET"]}}],"collection":[{"href":"https:\/\/partediario.com.ar\/index.php?rest_route=\/wp\/v2\/posts"}],"about":[{"href":"https:\/\/partediario.com.ar\/index.php?rest_route=\/wp\/v2\/types\/post"}],"author":[{"embeddable":true,"href":"https:\/\/partediario.com.ar\/index.php?rest_route=\/wp\/v2\/users\/2"}],"replies":[{"embeddable":true,"href":"https:\/\/partediario.com.ar\/index.php?rest_route=%2Fwp%2Fv2%2Fcomments&post=9521"}],"version-history":[{"count":1,"href":"https:\/\/partediario.com.ar\/index.php?rest_route=\/wp\/v2\/posts\/9521\/revisions"}],"predecessor-version":[{"id":9524,"href":"https:\/\/partediario.com.ar\/index.php?rest_route=\/wp\/v2\/posts\/9521\/revisions\/9524"}],"wp:featuredmedia":[{"embeddable":true,"href":"https:\/\/partediario.com.ar\/index.php?rest_route=\/wp\/v2\/media\/9523"}],"wp:attachment":[{"href":"https:\/\/partediario.com.ar\/index.php?rest_route=%2Fwp%2Fv2%2Fmedia&parent=9521"}],"wp:term":[{"taxonomy":"category","embeddable":true,"href":"https:\/\/partediario.com.ar\/index.php?rest_route=%2Fwp%2Fv2%2Fcategories&post=9521"},{"taxonomy":"post_tag","embeddable":true,"href":"https:\/\/partediario.com.ar\/index.php?rest_route=%2Fwp%2Fv2%2Ftags&post=9521"}],"curies":[{"name":"wp","href":"https:\/\/api.w.org\/{rel}","templated":true}]}}