{"id":9527,"date":"2024-11-22T10:13:45","date_gmt":"2024-11-22T13:13:45","guid":{"rendered":"https:\/\/partediario.com.ar\/?p=9527"},"modified":"2024-11-22T10:13:51","modified_gmt":"2024-11-22T13:13:51","slug":"parana-fortalecen-herramientas-para-prevenir-la-violencia-sexual-contra-ninos-ninas-y-adolescentes","status":"publish","type":"post","link":"https:\/\/partediario.com.ar\/?p=9527","title":{"rendered":"Paran\u00e1: fortalecen herramientas para prevenir la violencia sexual contra ni\u00f1os, ni\u00f1as y adolescentes"},"content":{"rendered":"\n<h3 class=\"wp-block-heading\">La intendenta Rosario Romero estuvo presente en una jornada que permiti\u00f3 socializar el protocolo de abordaje ante este tipo de casos. Fue organizada por la Municipalidad, en el Sal\u00f3n Mariano Moreno del Concejo Deliberante.<\/h3>\n\n\n\n<p>La secretaria de Desarrollo Humano, Mariela Ponce, destac\u00f3 que ante esta problem\u00e1tica, \u201ces fundamental prevenir y tomar herramientas de actualizaci\u00f3n\u201d.<\/p>\n\n\n\n<p>Alejo De Zan, coordinador de los equipos t\u00e9cnicos del Ministerio P\u00fablico de la Defensa, expres\u00f3 que \u201cla tem\u00e1tica se est\u00e1 trabajando mucho y se est\u00e1 visibilizando\u201d.<\/p>\n\n\n\n<p>Araceli Ibarra, en representaci\u00f3n de la Facultad de Ciencias de la Vida y la Salud de UADER, dijo que \u201clo importante es transmitir informaci\u00f3n, porque es la \u00fanica manera de estar atento para romper el silencio\u201d.<\/p>\n\n\n\n<p>Por su parte, la subsecretaria de G\u00e9nero, Diversidad, Ni\u00f1ez y Adolescencia, Mercedes Solanas, remarc\u00f3 \u00abla importancia de fortalecer el sistema de protecci\u00f3n de las infancias y adolescencias\u00bb.<\/p>\n\n\n\n<p>La iniciativa se denomin\u00f3 \u201cActualizaci\u00f3n sobre Violencia Sexual contra Ni\u00f1os, Ni\u00f1as y Adolescentes. Prevenir, Detectar e Intervenir\u201d. Se realiz\u00f3 en el marco del D\u00eda de la Prevenci\u00f3n del Abuso Sexual contra Ni\u00f1os, Ni\u00f1as y Adolescentes; y del 20 de noviembre como conmemoraci\u00f3n de los Derechos de Ni\u00f1as, Ni\u00f1os y Adolescentes.<\/p>\n\n\n\n<p>La actividad se coordin\u00f3 desde la Subsecretar\u00eda de G\u00e9nero, Diversidad, Ni\u00f1ez y Adolescencia junto a la Facultad de Ciencias de la Vida y la Salud de UADER y el Ministerio P\u00fablico de la Defensa. Cont\u00f3 con la participaci\u00f3n de personas trabajadoras de diferentes \u00e1reas de la Municipalidad, adem\u00e1s de educaci\u00f3n, salud y organizaciones sociales.<\/p>\n\n\n\n<p>Estuvieron presentes la subsecretaria de Educaci\u00f3n Formal y No Formal, Rita Nievas; la subsecretaria de Convivencia Ciudadana, Yamina Bainella; el coordinador general de la Subsecretar\u00eda de G\u00e9nero, Diversidad, Ni\u00f1ez y Adolescencia, Gonzalo Molina; y la concejal Fernanda Facello.<\/p>\n\n\n\n<p><\/p>\n\n\n\n<figure class=\"wp-block-embed is-type-video is-provider-youtube wp-block-embed-youtube wp-embed-aspect-16-9 wp-has-aspect-ratio\"><div class=\"wp-block-embed__wrapper\">\n<iframe loading=\"lazy\" title=\"Fortalecen herramientas para prevenir la violencia sexual contra ni\u00f1os, ni\u00f1as y adolescentes\" width=\"640\" height=\"360\" src=\"https:\/\/www.youtube.com\/embed\/dmQEVpASD1g?feature=oembed\" frameborder=\"0\" allow=\"accelerometer; autoplay; clipboard-write; encrypted-media; gyroscope; picture-in-picture; web-share\" referrerpolicy=\"strict-origin-when-cross-origin\" allowfullscreen><\/iframe>\n<\/div><\/figure>\n","protected":false},"excerpt":{"rendered":"<p>La intendenta Rosario Romero estuvo presente en una jornada que permiti&oacute; socializar el protocolo de abordaje ante este tipo de casos. Fue organizada por la Municipalidad, en el Sal&oacute;n Mariano Moreno del Concejo Deliberante. La secretaria de Desarrollo Humano, Mariela Ponce, destac&oacute; que ante esta problem&aacute;tica, &ldquo;es fundamental prevenir y tomar herramientas de actualizaci&oacute;n&rdquo;. Alejo [&hellip;]<\/p>\n","protected":false},"author":2,"featured_media":9528,"comment_status":"open","ping_status":"open","sticky":false,"template":"","format":"standard","meta":{"footnotes":""},"categories":[3272],"tags":[],"class_list":["post-9527","post","type-post","status-publish","format-standard","has-post-thumbnail","hentry","category-municipales"],"_links":{"self":[{"href":"https:\/\/partediario.com.ar\/index.php?rest_route=\/wp\/v2\/posts\/9527","targetHints":{"allow":["GET"]}}],"collection":[{"href":"https:\/\/partediario.com.ar\/index.php?rest_route=\/wp\/v2\/posts"}],"about":[{"href":"https:\/\/partediario.com.ar\/index.php?rest_route=\/wp\/v2\/types\/post"}],"author":[{"embeddable":true,"href":"https:\/\/partediario.com.ar\/index.php?rest_route=\/wp\/v2\/users\/2"}],"replies":[{"embeddable":true,"href":"https:\/\/partediario.com.ar\/index.php?rest_route=%2Fwp%2Fv2%2Fcomments&post=9527"}],"version-history":[{"count":1,"href":"https:\/\/partediario.com.ar\/index.php?rest_route=\/wp\/v2\/posts\/9527\/revisions"}],"predecessor-version":[{"id":9529,"href":"https:\/\/partediario.com.ar\/index.php?rest_route=\/wp\/v2\/posts\/9527\/revisions\/9529"}],"wp:featuredmedia":[{"embeddable":true,"href":"https:\/\/partediario.com.ar\/index.php?rest_route=\/wp\/v2\/media\/9528"}],"wp:attachment":[{"href":"https:\/\/partediario.com.ar\/index.php?rest_route=%2Fwp%2Fv2%2Fmedia&parent=9527"}],"wp:term":[{"taxonomy":"category","embeddable":true,"href":"https:\/\/partediario.com.ar\/index.php?rest_route=%2Fwp%2Fv2%2Fcategories&post=9527"},{"taxonomy":"post_tag","embeddable":true,"href":"https:\/\/partediario.com.ar\/index.php?rest_route=%2Fwp%2Fv2%2Ftags&post=9527"}],"curies":[{"name":"wp","href":"https:\/\/api.w.org\/{rel}","templated":true}]}}