{"id":9536,"date":"2024-11-22T11:51:23","date_gmt":"2024-11-22T14:51:23","guid":{"rendered":"https:\/\/partediario.com.ar\/?p=9536"},"modified":"2024-11-23T11:47:29","modified_gmt":"2024-11-23T14:47:29","slug":"el-gobierno-porteno-definio-el-calendario-escolar-de-2025","status":"publish","type":"post","link":"https:\/\/partediario.com.ar\/?p=9536","title":{"rendered":"El Gobierno porte\u00f1o defini\u00f3 el calendario escolar de 2025"},"content":{"rendered":"\n<h3 class=\"wp-block-heading\">El Gobierno de la Ciudad de Buenos Aires defini\u00f3 el calendario escolar para 2025 y en este marco dio a conocer que las clases comenzar\u00e1n el 24 de febrero para nivel inicial y primario, y el 5 de marzo para nivel secundario.<\/h3>\n\n\n\n<p>A trav\u00e9s de un comunicado, el Ministerio de Educaci\u00f3n porte\u00f1o explic\u00f3 que en inicial y primario las escuelas cerrar\u00e1n sus puertas el 19 de diciembre.<\/p>\n\n\n\n<p>El ciclo escolar de 2025 ser\u00e1 un calendario extendido de 189 d\u00edas de clases, nueve m\u00e1s que lo reglamentado en la Ley Nacional N.\u00b0 25.864.<\/p>\n\n\n\n<p>El Gobierno de la Ciudad de Buenos Aires defini\u00f3 el calendario escolar para 2025 y anunci\u00f3 que las clases se iniciar\u00e1n el 24 de febrero para nivel inicial y primario, y el 5 de marzo para nivel secundario.<\/p>\n\n\n\n<p>Por medio de un comunicado, el Ministerio de Educaci\u00f3n porte\u00f1o indic\u00f3 que en inicial y primario las escuelas cerrar\u00e1n sus puertas el 19 de diciembre.<\/p>\n\n\n\n<p>El ciclo escolar de 2025 ser\u00e1 un calendario extendido de 189 d\u00edas de clases, nueve m\u00e1s que lo reglamentado en la Ley Nacional N.\u00b0 25.864.<\/p>\n\n\n\n<p>\u201cAdem\u00e1s, el receso escolar de invierno est\u00e1 planificado para las \u00faltimas 2 semanas de julio: del 21 de julio al 1 de agosto\u201d, precisaron.<\/p>\n\n\n\n<p>Sobre los docentes, anunciaron que deber\u00e1n regresar a las escuelas el 10 de febrero para planificar, capacitarse y realizar reuniones de equipo.<\/p>\n\n\n\n<p><strong>Cambios en el sistema de educaci\u00f3n en la Ciudad<\/strong><\/p>\n\n\n\n<p>Este 2024 Jorge Macri, Jefe de Gobierno porte\u00f1o, llev\u00f3 adelante diversas presentaciones de las modificaciones que habr\u00e1n en 2025 en torno a la educaci\u00f3n de todos los niveles.<\/p>\n\n\n\n<p>Uno de ellos es avanzar en un abordaje integral para la primera infancia y un cambio curricular para salas de 4 y 5. Las pol\u00edticas que se implementar\u00e1n buscan garantizar la crianza y los primeros aprendizajes en el nivel inicial.<\/p>\n\n\n\n<p>A su vez anunci\u00f3 un cambio central en la curr\u00edcula de la escuela primaria en el marco del Plan Estrat\u00e9gico Buenos Aires Aprende, que se propone pasar de la ense\u00f1anza al aprendizaje, con una nueva manera de ense\u00f1ar Lengua y Matem\u00e1tica.<\/p>\n\n\n\n<p>La Ciudad plantea una nueva secundaria a partir del pr\u00f3ximo a\u00f1os en las primeras 30 escuelas que eligieron inscribirse. La escuela cambia a un sistema de aprendizaje centrado en el estudiante.<\/p>\n\n\n\n<p>Finalizando, acerca del uso de celulares dentro de las aulas, Macri dijo: \u201cEn las escuelas primarias y los jardines queda bajo responsabilidad de las familias que sus chicos lleven tel\u00e9fonos, pero no podr\u00e1n usarlos durante las clases y los recreos. Para los contenidos que incluyan herramientas tecnol\u00f3gicas se utilizar\u00e1n los dispositivos de la escuela\u201d.<\/p>\n\n\n\n<p>Mientras que en el secundario los tel\u00e9fonos y tablets deber\u00e1n estar guardados durante las horas de clase excepto en las actividades pedag\u00f3gicas planificadas. Las autoridades de cada escuela deber\u00e1n comunicar a toda la comunidad educativa las pautas y condiciones para el uso adecuado de los dispositivos.<\/p>\n","protected":false},"excerpt":{"rendered":"<p>El Gobierno de la Ciudad de Buenos Aires defini&oacute; el calendario escolar para 2025 y en este marco dio a conocer que las clases comenzar&aacute;n el 24 de febrero para nivel inicial y primario, y el 5 de marzo para nivel secundario. A trav&eacute;s de un comunicado, el Ministerio de Educaci&oacute;n porte&ntilde;o explic&oacute; que en [&hellip;]<\/p>\n","protected":false},"author":2,"featured_media":9537,"comment_status":"open","ping_status":"open","sticky":false,"template":"","format":"standard","meta":{"footnotes":""},"categories":[3272,176],"tags":[4320,2762,224,4319],"class_list":["post-9536","post","type-post","status-publish","format-standard","has-post-thumbnail","hentry","category-municipales","category-politica","tag-calendario","tag-escolar","tag-gobierno","tag-porteno"],"_links":{"self":[{"href":"https:\/\/partediario.com.ar\/index.php?rest_route=\/wp\/v2\/posts\/9536","targetHints":{"allow":["GET"]}}],"collection":[{"href":"https:\/\/partediario.com.ar\/index.php?rest_route=\/wp\/v2\/posts"}],"about":[{"href":"https:\/\/partediario.com.ar\/index.php?rest_route=\/wp\/v2\/types\/post"}],"author":[{"embeddable":true,"href":"https:\/\/partediario.com.ar\/index.php?rest_route=\/wp\/v2\/users\/2"}],"replies":[{"embeddable":true,"href":"https:\/\/partediario.com.ar\/index.php?rest_route=%2Fwp%2Fv2%2Fcomments&post=9536"}],"version-history":[{"count":1,"href":"https:\/\/partediario.com.ar\/index.php?rest_route=\/wp\/v2\/posts\/9536\/revisions"}],"predecessor-version":[{"id":9538,"href":"https:\/\/partediario.com.ar\/index.php?rest_route=\/wp\/v2\/posts\/9536\/revisions\/9538"}],"wp:featuredmedia":[{"embeddable":true,"href":"https:\/\/partediario.com.ar\/index.php?rest_route=\/wp\/v2\/media\/9537"}],"wp:attachment":[{"href":"https:\/\/partediario.com.ar\/index.php?rest_route=%2Fwp%2Fv2%2Fmedia&parent=9536"}],"wp:term":[{"taxonomy":"category","embeddable":true,"href":"https:\/\/partediario.com.ar\/index.php?rest_route=%2Fwp%2Fv2%2Fcategories&post=9536"},{"taxonomy":"post_tag","embeddable":true,"href":"https:\/\/partediario.com.ar\/index.php?rest_route=%2Fwp%2Fv2%2Ftags&post=9536"}],"curies":[{"name":"wp","href":"https:\/\/api.w.org\/{rel}","templated":true}]}}