{"id":9550,"date":"2024-11-22T12:10:57","date_gmt":"2024-11-22T15:10:57","guid":{"rendered":"https:\/\/partediario.com.ar\/?p=9550"},"modified":"2024-11-23T11:47:10","modified_gmt":"2024-11-23T14:47:10","slug":"hay-que-ordenar-y-aniquilar-este-estado-senalo-cuneo-libarona","status":"publish","type":"post","link":"https:\/\/partediario.com.ar\/?p=9550","title":{"rendered":"\u201cHay que ordenar y aniquilar este Estado\u201d, se\u00f1al\u00f3 C\u00faneo Libarona"},"content":{"rendered":"\n<h3 class=\"wp-block-heading\">El ministro de Justicia, Mariano C\u00faneo Libarona, brind\u00f3 detalles de las irregularidades que presentan varios inmuebles estatales y afirm\u00f3 que su tarea consta en \u201cordenar y aniquilar el Estado\u201d y \u201cmejorar\u00bb la Justicia.<\/h3>\n\n\n\n<p>\u201cLa Argentina es un entramado deliberado para nombrar gente. Nos han abusado, hay que ordenar y aniquilar este Estado que debe ser eficiente\u201d, sentenci\u00f3 en declaraciones televisivas, y a\u00f1adi\u00f3: \u201cNosotros somos servidores del Estado. Tenemos que venir a darles un servicio, no esta porquer\u00eda que descubrimos\u201d.<\/p>\n\n\n\n<p>Los dichos del ministro hacen referencia al hallazgo de un boliche clandestino que, seg\u00fan denunciaron desde la administraci\u00f3n libertaria, funcionaba en un piso cedido por el Estado a la Universidad de las Madres de Plaza de Mayo. \u201cMe da verg\u00fcenza. Lo que han hecho es un papel\u00f3n por eso hay que tener en cuenta qui\u00e9n es qui\u00e9n\u201d, destac\u00f3 el funcionario.<\/p>\n\n\n\n<p>\u201cLa decisi\u00f3n de Javier Milei es que cambiemos la justicia, la mejoremos y cuidemos el patrimonio de los argentinos. Ah\u00ed ten\u00edamos un mont\u00f3n de inmuebles, los fuimos revisando, achicando, muchos entregamos al Administrador de Bienes y el Estado (ABE) y otros los fuimos juntando. Sacamos vi\u00e1ticos, horas extras, redujimos plantas. En esa tarea de investigaci\u00f3n encontramos muchos edificios destruidos, pero ninguno como este\u201d, apunt\u00f3.<\/p>\n\n\n\n<p>Asimismo, se\u00f1al\u00f3 que tras el allanamiento del edificio ubicado en avenida Rivadavia N\u00b02749\/ 89 y Pueyrred\u00f3n N\u00b019, se comprob\u00f3 un hecho de malversaci\u00f3n dolosa. \u201cAhora vamos por los autores que son dos\u201d, prometi\u00f3.<\/p>\n\n\n\n<p>Y agreg\u00f3: \u201cNo podemos permitir que el delito se siga consumando. Ped\u00ed que se haga el allanamiento, ordene el desalojo y devu\u00e9lvalo al Estado para que se lo entregue al ABE para que disponga del inmueble\u201d.<\/p>\n\n\n\n<p>Y subray\u00f3 la premisa de achicar el Estado para alcanzar en d\u00e9ficit y se jact\u00f3 de ser la cartera que m\u00e1s redujo su planta. Adem\u00e1s, prometi\u00f3 cambios en la ley, y manifest\u00f3 su intenci\u00f3n de crear un registro automotor \u00fanico, digital y simple.<\/p>\n\n\n\n<p>\u201cSoy el enemigo n\u00famero uno de los registros. Doy la batalla cultural, mil peleas, y quiero achicar los registros porque es un sistema perverso, que incrementa el precio de un veh\u00edculo y yo lo reduje a uno\u201d, finaliz\u00f3.<\/p>\n","protected":false},"excerpt":{"rendered":"<p>El ministro de Justicia, Mariano C&uacute;neo Libarona, brind&oacute; detalles de las irregularidades que presentan varios inmuebles estatales y afirm&oacute; que su tarea consta en &ldquo;ordenar y aniquilar el Estado&rdquo; y &ldquo;mejorar&raquo; la Justicia. &ldquo;La Argentina es un entramado deliberado para nombrar gente. Nos han abusado, hay que ordenar y aniquilar este Estado que debe ser [&hellip;]<\/p>\n","protected":false},"author":2,"featured_media":9551,"comment_status":"open","ping_status":"open","sticky":false,"template":"","format":"standard","meta":{"footnotes":""},"categories":[979,5,176],"tags":[863,232,1270],"class_list":["post-9550","post","type-post","status-publish","format-standard","has-post-thumbnail","hentry","category-judiciales","category-nacionales","category-politica","tag-estado","tag-javier-milei","tag-mariano-cuneo-libarona"],"_links":{"self":[{"href":"https:\/\/partediario.com.ar\/index.php?rest_route=\/wp\/v2\/posts\/9550","targetHints":{"allow":["GET"]}}],"collection":[{"href":"https:\/\/partediario.com.ar\/index.php?rest_route=\/wp\/v2\/posts"}],"about":[{"href":"https:\/\/partediario.com.ar\/index.php?rest_route=\/wp\/v2\/types\/post"}],"author":[{"embeddable":true,"href":"https:\/\/partediario.com.ar\/index.php?rest_route=\/wp\/v2\/users\/2"}],"replies":[{"embeddable":true,"href":"https:\/\/partediario.com.ar\/index.php?rest_route=%2Fwp%2Fv2%2Fcomments&post=9550"}],"version-history":[{"count":1,"href":"https:\/\/partediario.com.ar\/index.php?rest_route=\/wp\/v2\/posts\/9550\/revisions"}],"predecessor-version":[{"id":9552,"href":"https:\/\/partediario.com.ar\/index.php?rest_route=\/wp\/v2\/posts\/9550\/revisions\/9552"}],"wp:featuredmedia":[{"embeddable":true,"href":"https:\/\/partediario.com.ar\/index.php?rest_route=\/wp\/v2\/media\/9551"}],"wp:attachment":[{"href":"https:\/\/partediario.com.ar\/index.php?rest_route=%2Fwp%2Fv2%2Fmedia&parent=9550"}],"wp:term":[{"taxonomy":"category","embeddable":true,"href":"https:\/\/partediario.com.ar\/index.php?rest_route=%2Fwp%2Fv2%2Fcategories&post=9550"},{"taxonomy":"post_tag","embeddable":true,"href":"https:\/\/partediario.com.ar\/index.php?rest_route=%2Fwp%2Fv2%2Ftags&post=9550"}],"curies":[{"name":"wp","href":"https:\/\/api.w.org\/{rel}","templated":true}]}}