{"id":9559,"date":"2024-11-22T23:25:05","date_gmt":"2024-11-23T02:25:05","guid":{"rendered":"https:\/\/partediario.com.ar\/?p=9559"},"modified":"2024-11-23T11:47:01","modified_gmt":"2024-11-23T14:47:01","slug":"la-muerte-de-roberto-giordano-fue-una-parte-fundamental-en-mi-vida-expreso-tete-coustarot","status":"publish","type":"post","link":"https:\/\/partediario.com.ar\/?p=9559","title":{"rendered":"La muerte de Roberto Giordano: \u201cFue una parte fundamental en mi vida.\u201d, expres\u00f3 Tete Coustarot"},"content":{"rendered":"\n<h3 class=\"wp-block-heading\">Stella Maris Coustarot, m\u00e1s conocida por su seud\u00f3nimo \u201cTet\u00e9\u201d, record\u00f3 a su amigo, el estilista Roberto Giordano, que muri\u00f3 esta tarde tras someterse a una cirug\u00eda: la modelo y periodista, en di\u00e1logo con NA, lo rememor\u00f3 como \u201cuna parte fundamental\u201d en su vida.<\/h3>\n\n\n\n<p>La conductora afirm\u00f3 que Giordano fue \u201cparte fundamental de mi vida y se transform\u00f3, a partir de lo profesional, en un gran amigo\u201d.<\/p>\n\n\n\n<p>Y agreg\u00f3: \u201cAlguien que realmente, cre\u00f3 toda una forma de presentar peinados y moda absolutamente original que no existe en el mundo. Hizo que tanto en Punta del Este como Pinamar, sus desfiles fueron el centro del verano de cada ciudad\u201d.<\/p>\n\n\n\n<p>\u201cTen\u00eda un gran talento para crear, hacer lo que so\u00f1aba, realizarlo y llevarlo a cabo. Descubri\u00f3 modelos desde Valeria Mazza, -Carolina Ardohain- Pampita, Nicole Neumann, Daniela Cardone y las que se quieran imaginar. Realmente, el pasaporte para empezar a trabajar en el mundo de la moda era Giordano\u201d, se\u00f1al\u00f3 la periodista.<\/p>\n\n\n\n<p>\u201cCuando dej\u00e9 de trabajar como modelo, le dije, \u2018Roberto, no voy a trabajar m\u00e1s como modelo\u2019 y me dijo \u2018no, pero en mi desfile vos vas a estar porque yo te necesito, as\u00ed que vas a ser la conductora conmigo del desfile\u201d, record\u00f3 Coustarot.<\/p>\n\n\n\n<p>En este sentido, la periodista a\u00f1adi\u00f3: \u201cAs\u00ed fue que empezamos con esa maravillosa aventura que fue hacer esos desfiles que fueron incre\u00edbles\u201d.<\/p>\n\n\n\n<p>\u201cMuy solidario, muy amigo de sus amigos y generoso con su gente. Voy a cualquier peluquer\u00eda del pa\u00eds y siempre me encuentro con alguien que me dice, \u2018empec\u00e9 con Giordano\u2019\u201d, dijo la modelo.<\/p>\n\n\n\n<p>\u201cSiento much\u00edsimo, \u00e9l ten\u00eda varios problemas de coraz\u00f3n. Tuvo operaciones e intervenciones, pero en esta no lleg\u00f3\u201d, lament\u00f3 Tet\u00e9.<\/p>\n\n\n\n<p>\u201cEl mejor de los recuerdos. Cada vez que me dicen \u2018\u00a1Qu\u00e9 noche, Tet\u00e9!\u2019, -Giordano- estar\u00e1 siempre presente conmigo, porque es el autor de, entre otras famos\u00edsimas, de esa frase tan importante en mi vida\u201d, finaliz\u00f3 Coustarot.<\/p>\n","protected":false},"excerpt":{"rendered":"<p>Stella Maris Coustarot, m&aacute;s conocida por su seud&oacute;nimo &ldquo;Tet&eacute;&rdquo;, record&oacute; a su amigo, el estilista Roberto Giordano, que muri&oacute; esta tarde tras someterse a una cirug&iacute;a: la modelo y periodista, en di&aacute;logo con NA, lo rememor&oacute; como &ldquo;una parte fundamental&rdquo; en su vida. La conductora afirm&oacute; que Giordano fue &ldquo;parte fundamental de mi vida y [&hellip;]<\/p>\n","protected":false},"author":2,"featured_media":9560,"comment_status":"open","ping_status":"open","sticky":false,"template":"","format":"standard","meta":{"footnotes":""},"categories":[4329,5],"tags":[4331,4330],"class_list":["post-9559","post","type-post","status-publish","format-standard","has-post-thumbnail","hentry","category-espectaculos","category-nacionales","tag-roberto-giordano","tag-tete-coustarot"],"_links":{"self":[{"href":"https:\/\/partediario.com.ar\/index.php?rest_route=\/wp\/v2\/posts\/9559","targetHints":{"allow":["GET"]}}],"collection":[{"href":"https:\/\/partediario.com.ar\/index.php?rest_route=\/wp\/v2\/posts"}],"about":[{"href":"https:\/\/partediario.com.ar\/index.php?rest_route=\/wp\/v2\/types\/post"}],"author":[{"embeddable":true,"href":"https:\/\/partediario.com.ar\/index.php?rest_route=\/wp\/v2\/users\/2"}],"replies":[{"embeddable":true,"href":"https:\/\/partediario.com.ar\/index.php?rest_route=%2Fwp%2Fv2%2Fcomments&post=9559"}],"version-history":[{"count":1,"href":"https:\/\/partediario.com.ar\/index.php?rest_route=\/wp\/v2\/posts\/9559\/revisions"}],"predecessor-version":[{"id":9561,"href":"https:\/\/partediario.com.ar\/index.php?rest_route=\/wp\/v2\/posts\/9559\/revisions\/9561"}],"wp:featuredmedia":[{"embeddable":true,"href":"https:\/\/partediario.com.ar\/index.php?rest_route=\/wp\/v2\/media\/9560"}],"wp:attachment":[{"href":"https:\/\/partediario.com.ar\/index.php?rest_route=%2Fwp%2Fv2%2Fmedia&parent=9559"}],"wp:term":[{"taxonomy":"category","embeddable":true,"href":"https:\/\/partediario.com.ar\/index.php?rest_route=%2Fwp%2Fv2%2Fcategories&post=9559"},{"taxonomy":"post_tag","embeddable":true,"href":"https:\/\/partediario.com.ar\/index.php?rest_route=%2Fwp%2Fv2%2Ftags&post=9559"}],"curies":[{"name":"wp","href":"https:\/\/api.w.org\/{rel}","templated":true}]}}