{"id":9571,"date":"2024-11-23T11:36:10","date_gmt":"2024-11-23T14:36:10","guid":{"rendered":"https:\/\/partediario.com.ar\/?p=9571"},"modified":"2024-11-24T13:10:21","modified_gmt":"2024-11-24T16:10:21","slug":"montenegro-cruzo-a-dirigentes-de-izquierda-luego-sel-desalojo-de-indigentes-en-mar-del-plata","status":"publish","type":"post","link":"https:\/\/partediario.com.ar\/?p=9571","title":{"rendered":"Montenegro cruz\u00f3 a dirigentes de izquierda luego sel desalojo de indigentes en Mar del Plata"},"content":{"rendered":"\n<h3 class=\"wp-block-heading\">Un fuerte enfrentamiento verbal protagoniz\u00f3 hoy el intendente de Mar del Plata, Guillermo Montenegro, con Myriam Bregman y Nicol\u00e1s Del Ca\u00f1o, quienes criticaron al jefe comunal por haber subido un posteo en el cual mostraba el desalojo de dos personas en situaci\u00f3n de calle en su municipio.<\/h3>\n\n\n\n<p>Montenegro, public\u00f3 un video en su cuenta en la red social X en donde mostr\u00f3 el momento en el que personal policial desalojaba a dos personas.<\/p>\n\n\n\n<p><\/p>\n\n\n\n<blockquote class=\"twitter-tweet\"><p lang=\"es\" dir=\"ltr\">Se termin\u00f3 <a href=\"https:\/\/t.co\/ZpyZv9CmFB\">pic.twitter.com\/ZpyZv9CmFB<\/a><\/p>&mdash; Guillermo Montenegro (@gmontenegro_ok) <a href=\"https:\/\/twitter.com\/gmontenegro_ok\/status\/1859951184070742453?ref_src=twsrc%5Etfw\">November 22, 2024<\/a><\/blockquote> <script async src=\"https:\/\/platform.twitter.com\/widgets.js\" charset=\"utf-8\"><\/script>\n\n\n\n<p><\/p>\n\n\n\n<p>\u00abSe termin\u00f3\u00bb, expres\u00f3 Montenegro junto a un video, en referencia a la frase que los oficiales les dicen a los delincuentes: \u00abSe termin\u00f3 el di\u00e1logo, basta\u00bb.<\/p>\n\n\n\n<p>Posteriormente los ex diputados socialistas salieron a criticar al intendente a trav\u00e9s de la misma plataforma: \u00abTodos los matones contra los m\u00e1s pobres, que basura ten\u00e9s que ser para hacerlo y festejarlo\u00bb, destac\u00f3 Bregman.<\/p>\n\n\n\n<p>La respuesta de Montenegro fue contundente: \u00abLlev\u00e1telos a tu casa, @myriambregman. \u00bfPens\u00e1s que no nos damos cuenta lo que est\u00e1 haciendo tu amigo @JuanGrabois y todas las orgas? Manga de mafias\u00bb, dispar\u00f3.<\/p>\n\n\n\n<p>\u00abEstos no son gente en situaci\u00f3n de calle. A ellos los tenemos censados y asistidos. A estos los est\u00e1n trayendo a Mar del Plata para instalarlos, para hacernos piquetes y acampes. Son violentos con los vecinos\u00bb, detall\u00f3 Montenegro.<\/p>\n","protected":false},"excerpt":{"rendered":"<p>Un fuerte enfrentamiento verbal protagoniz&oacute; hoy el intendente de Mar del Plata, Guillermo Montenegro, con Myriam Bregman y Nicol&aacute;s Del Ca&ntilde;o, quienes criticaron al jefe comunal por haber subido un posteo en el cual mostraba el desalojo de dos personas en situaci&oacute;n de calle en su municipio. Montenegro, public&oacute; un video en su cuenta en [&hellip;]<\/p>\n","protected":false},"author":2,"featured_media":9572,"comment_status":"open","ping_status":"open","sticky":false,"template":"","format":"standard","meta":{"footnotes":""},"categories":[5,176],"tags":[4338,3001,4339,4336,2156,4337],"class_list":["post-9571","post","type-post","status-publish","format-standard","has-post-thumbnail","hentry","category-nacionales","category-politica","tag-desalojo","tag-guillermo-montenegro","tag-indigentes","tag-mardel-plata","tag-myriam-bregman","tag-nicolas-del-cano"],"_links":{"self":[{"href":"https:\/\/partediario.com.ar\/index.php?rest_route=\/wp\/v2\/posts\/9571","targetHints":{"allow":["GET"]}}],"collection":[{"href":"https:\/\/partediario.com.ar\/index.php?rest_route=\/wp\/v2\/posts"}],"about":[{"href":"https:\/\/partediario.com.ar\/index.php?rest_route=\/wp\/v2\/types\/post"}],"author":[{"embeddable":true,"href":"https:\/\/partediario.com.ar\/index.php?rest_route=\/wp\/v2\/users\/2"}],"replies":[{"embeddable":true,"href":"https:\/\/partediario.com.ar\/index.php?rest_route=%2Fwp%2Fv2%2Fcomments&post=9571"}],"version-history":[{"count":1,"href":"https:\/\/partediario.com.ar\/index.php?rest_route=\/wp\/v2\/posts\/9571\/revisions"}],"predecessor-version":[{"id":9573,"href":"https:\/\/partediario.com.ar\/index.php?rest_route=\/wp\/v2\/posts\/9571\/revisions\/9573"}],"wp:featuredmedia":[{"embeddable":true,"href":"https:\/\/partediario.com.ar\/index.php?rest_route=\/wp\/v2\/media\/9572"}],"wp:attachment":[{"href":"https:\/\/partediario.com.ar\/index.php?rest_route=%2Fwp%2Fv2%2Fmedia&parent=9571"}],"wp:term":[{"taxonomy":"category","embeddable":true,"href":"https:\/\/partediario.com.ar\/index.php?rest_route=%2Fwp%2Fv2%2Fcategories&post=9571"},{"taxonomy":"post_tag","embeddable":true,"href":"https:\/\/partediario.com.ar\/index.php?rest_route=%2Fwp%2Fv2%2Ftags&post=9571"}],"curies":[{"name":"wp","href":"https:\/\/api.w.org\/{rel}","templated":true}]}}